{"id":860,"date":"2019-07-23T23:52:26","date_gmt":"2019-07-23T23:52:26","guid":{"rendered":"https:\/\/cpovobitaraes.eu\/?p=860"},"modified":"2019-07-28T00:17:55","modified_gmt":"2019-07-28T00:17:55","slug":"dia-de-convivio-na-quinta-da-linheira","status":"publish","type":"post","link":"https:\/\/cpovobitaraes.eu\/index.php\/2019\/07\/23\/dia-de-convivio-na-quinta-da-linheira\/","title":{"rendered":"Dia de conv\u00edvio na Quinta da Linheira"},"content":{"rendered":"<p class=\"Standard\" style=\"text-align: left;\">\n<p class=\"Standard\" style=\"text-align: justify; text-justify: inter-ideograph; text-indent: 35.45pt;\">No dia 10 e Julho de 2019, o Presidente da Casa do Povo de Bitar\u00e3es \u2013 Sr. M\u00e1rio Rocha, presenteou os utentes do Centro de Conv\u00edvio, funcion\u00e1ria, volunt\u00e1rios, estagi\u00e1rios e formandos da Institui\u00e7\u00e3o, com um almo\u00e7o e lanche conv\u00edvio, na sua Quinta em Bitar\u00e3es.<\/p>\n<p class=\"Standard\" style=\"text-align: justify; text-justify: inter-ideograph; text-indent: 35.45pt;\">Para al\u00e9m disto, n\u00e3o faltou anima\u00e7\u00e3o durante a tarde, em que se jogou \u00e0s cartas e domin\u00f3 e se cantou m\u00fasica popular portuguesa ao som da concertina, do tambor e dos ferrinhos.<\/p>\n<p class=\"Standard\" style=\"text-align: justify; text-justify: inter-ideograph; text-indent: 35.45pt;\">Um dia bem passado, em que todos os participantes agradeceram a amabilidade.<\/p>\n<p><a href=\"https:\/\/cpovobitaraes.eu\/wp-content\/uploads\/2019\/07\/66753054_416384082552531_7666917141945253888_n-1.jpg\"><img loading=\"lazy\" decoding=\"async\" class=\"aligncenter size-large wp-image-872\" src=\"https:\/\/cpovobitaraes.eu\/wp-content\/uploads\/2019\/07\/66753054_416384082552531_7666917141945253888_n-1-1024x576.jpg\" alt=\"\" width=\"900\" height=\"506\" srcset=\"https:\/\/cpovobitaraes.eu\/wp-content\/uploads\/2019\/07\/66753054_416384082552531_7666917141945253888_n-1-1024x576.jpg 1024w, https:\/\/cpovobitaraes.eu\/wp-content\/uploads\/2019\/07\/66753054_416384082552531_7666917141945253888_n-1-300x169.jpg 300w, https:\/\/cpovobitaraes.eu\/wp-content\/uploads\/2019\/07\/66753054_416384082552531_7666917141945253888_n-1-768x432.jpg 768w, https:\/\/cpovobitaraes.eu\/wp-content\/uploads\/2019\/07\/66753054_416384082552531_7666917141945253888_n-1.jpg 1992w\" sizes=\"(max-width: 900px) 100vw, 900px\" \/><\/a><\/p>\n<p class=\"Standard\" style=\"text-align: justify; text-justify: inter-ideograph;\"><a href=\"https:\/\/cpovobitaraes.eu\/wp-content\/uploads\/2019\/07\/66753054_416384082552531_7666917141945253888_n.jpg\"><img loading=\"lazy\" decoding=\"async\" class=\"aligncenter size-large wp-image-873\" src=\"https:\/\/cpovobitaraes.eu\/wp-content\/uploads\/2019\/07\/66753054_416384082552531_7666917141945253888_n-1024x576.jpg\" alt=\"\" width=\"900\" height=\"506\" \/><\/a><\/p>\n<p>Veja todas as fotos e deixe um coment\u00e1rio clicando em (mais)&#8230;<\/p>\n<p style=\"text-align: left;\"><!--more--><\/p>\n\n\t\t<style type=\"text\/css\">\n\t\t\t#gallery-1 {\n\t\t\t\tmargin: auto;\n\t\t\t}\n\t\t\t#gallery-1 .gallery-item {\n\t\t\t\tfloat: left;\n\t\t\t\tmargin-top: 10px;\n\t\t\t\ttext-align: center;\n\t\t\t\twidth: 33%;\n\t\t\t}\n\t\t\t#gallery-1 img {\n\t\t\t\tborder: 2px solid #cfcfcf;\n\t\t\t}\n\t\t\t#gallery-1 .gallery-caption {\n\t\t\t\tmargin-left: 0;\n\t\t\t}\n\t\t\t\/* see gallery_shortcode() in wp-includes\/media.php *\/\n\t\t<\/style>\n\t\t<div id='gallery-1' class='gallery galleryid-860 gallery-columns-3 gallery-size-thumbnail'><dl class='gallery-item'>\n\t\t\t<dt class='gallery-icon landscape'>\n\t\t\t\t<a href='https:\/\/cpovobitaraes.eu\/index.php\/2019\/07\/23\/dia-de-convivio-na-quinta-da-linheira\/66594278_329854671259572_6605224346183008256_n\/'><img loading=\"lazy\" decoding=\"async\" width=\"150\" height=\"150\" src=\"https:\/\/cpovobitaraes.eu\/wp-content\/uploads\/2019\/07\/66594278_329854671259572_6605224346183008256_n-150x150.jpg\" class=\"attachment-thumbnail size-thumbnail\" alt=\"\" srcset=\"https:\/\/cpovobitaraes.eu\/wp-content\/uploads\/2019\/07\/66594278_329854671259572_6605224346183008256_n-150x150.jpg 150w, https:\/\/cpovobitaraes.eu\/wp-content\/uploads\/2019\/07\/66594278_329854671259572_6605224346183008256_n-560x560.jpg 560w, https:\/\/cpovobitaraes.eu\/wp-content\/uploads\/2019\/07\/66594278_329854671259572_6605224346183008256_n-367x367.jpg 367w, https:\/\/cpovobitaraes.eu\/wp-content\/uploads\/2019\/07\/66594278_329854671259572_6605224346183008256_n-85x85.jpg 85w, https:\/\/cpovobitaraes.eu\/wp-content\/uploads\/2019\/07\/66594278_329854671259572_6605224346183008256_n-50x50.jpg 50w\" sizes=\"(max-width: 150px) 100vw, 150px\" \/><\/a>\n\t\t\t<\/dt><\/dl><dl class='gallery-item'>\n\t\t\t<dt class='gallery-icon landscape'>\n\t\t\t\t<a href='https:\/\/cpovobitaraes.eu\/index.php\/2019\/07\/23\/dia-de-convivio-na-quinta-da-linheira\/66487963_712592565878823_7942974008822071296_n\/'><img loading=\"lazy\" decoding=\"async\" width=\"150\" height=\"150\" src=\"https:\/\/cpovobitaraes.eu\/wp-content\/uploads\/2019\/07\/66487963_712592565878823_7942974008822071296_n-150x150.jpg\" class=\"attachment-thumbnail size-thumbnail\" alt=\"\" srcset=\"https:\/\/cpovobitaraes.eu\/wp-content\/uploads\/2019\/07\/66487963_712592565878823_7942974008822071296_n-150x150.jpg 150w, https:\/\/cpovobitaraes.eu\/wp-content\/uploads\/2019\/07\/66487963_712592565878823_7942974008822071296_n-560x560.jpg 560w, https:\/\/cpovobitaraes.eu\/wp-content\/uploads\/2019\/07\/66487963_712592565878823_7942974008822071296_n-367x367.jpg 367w, https:\/\/cpovobitaraes.eu\/wp-content\/uploads\/2019\/07\/66487963_712592565878823_7942974008822071296_n-85x85.jpg 85w, https:\/\/cpovobitaraes.eu\/wp-content\/uploads\/2019\/07\/66487963_712592565878823_7942974008822071296_n-50x50.jpg 50w\" sizes=\"(max-width: 150px) 100vw, 150px\" \/><\/a>\n\t\t\t<\/dt><\/dl><dl class='gallery-item'>\n\t\t\t<dt class='gallery-icon landscape'>\n\t\t\t\t<a href='https:\/\/cpovobitaraes.eu\/index.php\/2019\/07\/23\/dia-de-convivio-na-quinta-da-linheira\/66481280_335688034047523_4218840117369896960_n\/'><img loading=\"lazy\" decoding=\"async\" width=\"150\" height=\"150\" src=\"https:\/\/cpovobitaraes.eu\/wp-content\/uploads\/2019\/07\/66481280_335688034047523_4218840117369896960_n-150x150.jpg\" class=\"attachment-thumbnail size-thumbnail\" alt=\"\" srcset=\"https:\/\/cpovobitaraes.eu\/wp-content\/uploads\/2019\/07\/66481280_335688034047523_4218840117369896960_n-150x150.jpg 150w, https:\/\/cpovobitaraes.eu\/wp-content\/uploads\/2019\/07\/66481280_335688034047523_4218840117369896960_n-560x560.jpg 560w, https:\/\/cpovobitaraes.eu\/wp-content\/uploads\/2019\/07\/66481280_335688034047523_4218840117369896960_n-367x367.jpg 367w, https:\/\/cpovobitaraes.eu\/wp-content\/uploads\/2019\/07\/66481280_335688034047523_4218840117369896960_n-85x85.jpg 85w, https:\/\/cpovobitaraes.eu\/wp-content\/uploads\/2019\/07\/66481280_335688034047523_4218840117369896960_n-50x50.jpg 50w\" sizes=\"(max-width: 150px) 100vw, 150px\" \/><\/a>\n\t\t\t<\/dt><\/dl><br style=\"clear: both\" \/><dl class='gallery-item'>\n\t\t\t<dt class='gallery-icon landscape'>\n\t\t\t\t<a href='https:\/\/cpovobitaraes.eu\/index.php\/2019\/07\/23\/dia-de-convivio-na-quinta-da-linheira\/66471190_363181454382177_8652100270764851200_n\/'><img loading=\"lazy\" decoding=\"async\" width=\"150\" height=\"150\" src=\"https:\/\/cpovobitaraes.eu\/wp-content\/uploads\/2019\/07\/66471190_363181454382177_8652100270764851200_n-150x150.jpg\" class=\"attachment-thumbnail size-thumbnail\" alt=\"\" srcset=\"https:\/\/cpovobitaraes.eu\/wp-content\/uploads\/2019\/07\/66471190_363181454382177_8652100270764851200_n-150x150.jpg 150w, https:\/\/cpovobitaraes.eu\/wp-content\/uploads\/2019\/07\/66471190_363181454382177_8652100270764851200_n-560x560.jpg 560w, https:\/\/cpovobitaraes.eu\/wp-content\/uploads\/2019\/07\/66471190_363181454382177_8652100270764851200_n-367x367.jpg 367w, https:\/\/cpovobitaraes.eu\/wp-content\/uploads\/2019\/07\/66471190_363181454382177_8652100270764851200_n-85x85.jpg 85w, https:\/\/cpovobitaraes.eu\/wp-content\/uploads\/2019\/07\/66471190_363181454382177_8652100270764851200_n-50x50.jpg 50w\" sizes=\"(max-width: 150px) 100vw, 150px\" \/><\/a>\n\t\t\t<\/dt><\/dl><dl class='gallery-item'>\n\t\t\t<dt class='gallery-icon landscape'>\n\t\t\t\t<a href='https:\/\/cpovobitaraes.eu\/index.php\/2019\/07\/23\/dia-de-convivio-na-quinta-da-linheira\/66453268_359903888049663_1249352110336638976_n\/'><img loading=\"lazy\" decoding=\"async\" width=\"150\" height=\"150\" src=\"https:\/\/cpovobitaraes.eu\/wp-content\/uploads\/2019\/07\/66453268_359903888049663_1249352110336638976_n-150x150.jpg\" class=\"attachment-thumbnail size-thumbnail\" alt=\"\" srcset=\"https:\/\/cpovobitaraes.eu\/wp-content\/uploads\/2019\/07\/66453268_359903888049663_1249352110336638976_n-150x150.jpg 150w, https:\/\/cpovobitaraes.eu\/wp-content\/uploads\/2019\/07\/66453268_359903888049663_1249352110336638976_n-560x560.jpg 560w, https:\/\/cpovobitaraes.eu\/wp-content\/uploads\/2019\/07\/66453268_359903888049663_1249352110336638976_n-367x367.jpg 367w, https:\/\/cpovobitaraes.eu\/wp-content\/uploads\/2019\/07\/66453268_359903888049663_1249352110336638976_n-85x85.jpg 85w, https:\/\/cpovobitaraes.eu\/wp-content\/uploads\/2019\/07\/66453268_359903888049663_1249352110336638976_n-50x50.jpg 50w\" sizes=\"(max-width: 150px) 100vw, 150px\" \/><\/a>\n\t\t\t<\/dt><\/dl><dl class='gallery-item'>\n\t\t\t<dt class='gallery-icon landscape'>\n\t\t\t\t<a href='https:\/\/cpovobitaraes.eu\/index.php\/2019\/07\/23\/dia-de-convivio-na-quinta-da-linheira\/66425580_459018351580502_2751377863956496384_n\/'><img loading=\"lazy\" decoding=\"async\" width=\"150\" height=\"150\" src=\"https:\/\/cpovobitaraes.eu\/wp-content\/uploads\/2019\/07\/66425580_459018351580502_2751377863956496384_n-150x150.jpg\" class=\"attachment-thumbnail size-thumbnail\" alt=\"\" srcset=\"https:\/\/cpovobitaraes.eu\/wp-content\/uploads\/2019\/07\/66425580_459018351580502_2751377863956496384_n-150x150.jpg 150w, https:\/\/cpovobitaraes.eu\/wp-content\/uploads\/2019\/07\/66425580_459018351580502_2751377863956496384_n-560x560.jpg 560w, https:\/\/cpovobitaraes.eu\/wp-content\/uploads\/2019\/07\/66425580_459018351580502_2751377863956496384_n-367x367.jpg 367w, https:\/\/cpovobitaraes.eu\/wp-content\/uploads\/2019\/07\/66425580_459018351580502_2751377863956496384_n-85x85.jpg 85w, https:\/\/cpovobitaraes.eu\/wp-content\/uploads\/2019\/07\/66425580_459018351580502_2751377863956496384_n-50x50.jpg 50w\" sizes=\"(max-width: 150px) 100vw, 150px\" \/><\/a>\n\t\t\t<\/dt><\/dl><br style=\"clear: both\" \/><dl class='gallery-item'>\n\t\t\t<dt class='gallery-icon landscape'>\n\t\t\t\t<a href='https:\/\/cpovobitaraes.eu\/index.php\/2019\/07\/23\/dia-de-convivio-na-quinta-da-linheira\/66362868_474734346417501_48104222125719552_n\/'><img loading=\"lazy\" decoding=\"async\" width=\"150\" height=\"150\" src=\"https:\/\/cpovobitaraes.eu\/wp-content\/uploads\/2019\/07\/66362868_474734346417501_48104222125719552_n-150x150.jpg\" class=\"attachment-thumbnail size-thumbnail\" alt=\"\" srcset=\"https:\/\/cpovobitaraes.eu\/wp-content\/uploads\/2019\/07\/66362868_474734346417501_48104222125719552_n-150x150.jpg 150w, https:\/\/cpovobitaraes.eu\/wp-content\/uploads\/2019\/07\/66362868_474734346417501_48104222125719552_n-560x560.jpg 560w, https:\/\/cpovobitaraes.eu\/wp-content\/uploads\/2019\/07\/66362868_474734346417501_48104222125719552_n-367x367.jpg 367w, https:\/\/cpovobitaraes.eu\/wp-content\/uploads\/2019\/07\/66362868_474734346417501_48104222125719552_n-85x85.jpg 85w, https:\/\/cpovobitaraes.eu\/wp-content\/uploads\/2019\/07\/66362868_474734346417501_48104222125719552_n-50x50.jpg 50w\" sizes=\"(max-width: 150px) 100vw, 150px\" \/><\/a>\n\t\t\t<\/dt><\/dl><dl class='gallery-item'>\n\t\t\t<dt class='gallery-icon landscape'>\n\t\t\t\t<a href='https:\/\/cpovobitaraes.eu\/index.php\/2019\/07\/23\/dia-de-convivio-na-quinta-da-linheira\/64782512_650541888755534_186801781404073984_n\/'><img loading=\"lazy\" decoding=\"async\" width=\"150\" height=\"150\" src=\"https:\/\/cpovobitaraes.eu\/wp-content\/uploads\/2019\/07\/64782512_650541888755534_186801781404073984_n-150x150.jpg\" class=\"attachment-thumbnail size-thumbnail\" alt=\"\" srcset=\"https:\/\/cpovobitaraes.eu\/wp-content\/uploads\/2019\/07\/64782512_650541888755534_186801781404073984_n-150x150.jpg 150w, https:\/\/cpovobitaraes.eu\/wp-content\/uploads\/2019\/07\/64782512_650541888755534_186801781404073984_n-560x560.jpg 560w, https:\/\/cpovobitaraes.eu\/wp-content\/uploads\/2019\/07\/64782512_650541888755534_186801781404073984_n-367x367.jpg 367w, https:\/\/cpovobitaraes.eu\/wp-content\/uploads\/2019\/07\/64782512_650541888755534_186801781404073984_n-85x85.jpg 85w, https:\/\/cpovobitaraes.eu\/wp-content\/uploads\/2019\/07\/64782512_650541888755534_186801781404073984_n-50x50.jpg 50w\" sizes=\"(max-width: 150px) 100vw, 150px\" \/><\/a>\n\t\t\t<\/dt><\/dl><dl class='gallery-item'>\n\t\t\t<dt class='gallery-icon landscape'>\n\t\t\t\t<a href='https:\/\/cpovobitaraes.eu\/index.php\/2019\/07\/23\/dia-de-convivio-na-quinta-da-linheira\/66507534_2234039443299730_2267576018837438464_n\/'><img loading=\"lazy\" decoding=\"async\" width=\"150\" height=\"150\" src=\"https:\/\/cpovobitaraes.eu\/wp-content\/uploads\/2019\/07\/66507534_2234039443299730_2267576018837438464_n-150x150.jpg\" class=\"attachment-thumbnail size-thumbnail\" alt=\"\" srcset=\"https:\/\/cpovobitaraes.eu\/wp-content\/uploads\/2019\/07\/66507534_2234039443299730_2267576018837438464_n-150x150.jpg 150w, https:\/\/cpovobitaraes.eu\/wp-content\/uploads\/2019\/07\/66507534_2234039443299730_2267576018837438464_n-560x560.jpg 560w, https:\/\/cpovobitaraes.eu\/wp-content\/uploads\/2019\/07\/66507534_2234039443299730_2267576018837438464_n-367x367.jpg 367w, https:\/\/cpovobitaraes.eu\/wp-content\/uploads\/2019\/07\/66507534_2234039443299730_2267576018837438464_n-85x85.jpg 85w, https:\/\/cpovobitaraes.eu\/wp-content\/uploads\/2019\/07\/66507534_2234039443299730_2267576018837438464_n-50x50.jpg 50w\" sizes=\"(max-width: 150px) 100vw, 150px\" \/><\/a>\n\t\t\t<\/dt><\/dl><br style=\"clear: both\" \/><dl class='gallery-item'>\n\t\t\t<dt class='gallery-icon landscape'>\n\t\t\t\t<a href='https:\/\/cpovobitaraes.eu\/index.php\/2019\/07\/23\/dia-de-convivio-na-quinta-da-linheira\/66655505_496435521131155_3281706346763780096_n\/'><img loading=\"lazy\" decoding=\"async\" width=\"150\" height=\"150\" src=\"https:\/\/cpovobitaraes.eu\/wp-content\/uploads\/2019\/07\/66655505_496435521131155_3281706346763780096_n-150x150.jpg\" class=\"attachment-thumbnail size-thumbnail\" alt=\"\" srcset=\"https:\/\/cpovobitaraes.eu\/wp-content\/uploads\/2019\/07\/66655505_496435521131155_3281706346763780096_n-150x150.jpg 150w, https:\/\/cpovobitaraes.eu\/wp-content\/uploads\/2019\/07\/66655505_496435521131155_3281706346763780096_n-560x560.jpg 560w, https:\/\/cpovobitaraes.eu\/wp-content\/uploads\/2019\/07\/66655505_496435521131155_3281706346763780096_n-367x367.jpg 367w, https:\/\/cpovobitaraes.eu\/wp-content\/uploads\/2019\/07\/66655505_496435521131155_3281706346763780096_n-85x85.jpg 85w, https:\/\/cpovobitaraes.eu\/wp-content\/uploads\/2019\/07\/66655505_496435521131155_3281706346763780096_n-50x50.jpg 50w\" sizes=\"(max-width: 150px) 100vw, 150px\" \/><\/a>\n\t\t\t<\/dt><\/dl><dl class='gallery-item'>\n\t\t\t<dt class='gallery-icon landscape'>\n\t\t\t\t<a href='https:\/\/cpovobitaraes.eu\/index.php\/2019\/07\/23\/dia-de-convivio-na-quinta-da-linheira\/66753054_416384082552531_7666917141945253888_n-1\/'><img loading=\"lazy\" decoding=\"async\" width=\"150\" height=\"150\" src=\"https:\/\/cpovobitaraes.eu\/wp-content\/uploads\/2019\/07\/66753054_416384082552531_7666917141945253888_n-1-150x150.jpg\" class=\"attachment-thumbnail size-thumbnail\" alt=\"\" srcset=\"https:\/\/cpovobitaraes.eu\/wp-content\/uploads\/2019\/07\/66753054_416384082552531_7666917141945253888_n-1-150x150.jpg 150w, https:\/\/cpovobitaraes.eu\/wp-content\/uploads\/2019\/07\/66753054_416384082552531_7666917141945253888_n-1-560x560.jpg 560w, https:\/\/cpovobitaraes.eu\/wp-content\/uploads\/2019\/07\/66753054_416384082552531_7666917141945253888_n-1-367x367.jpg 367w, https:\/\/cpovobitaraes.eu\/wp-content\/uploads\/2019\/07\/66753054_416384082552531_7666917141945253888_n-1-85x85.jpg 85w, https:\/\/cpovobitaraes.eu\/wp-content\/uploads\/2019\/07\/66753054_416384082552531_7666917141945253888_n-1-50x50.jpg 50w\" sizes=\"(max-width: 150px) 100vw, 150px\" \/><\/a>\n\t\t\t<\/dt><\/dl><dl class='gallery-item'>\n\t\t\t<dt class='gallery-icon landscape'>\n\t\t\t\t<a href='https:\/\/cpovobitaraes.eu\/index.php\/2019\/07\/23\/dia-de-convivio-na-quinta-da-linheira\/66760273_628449104308277_9024862423709908992_n\/'><img loading=\"lazy\" decoding=\"async\" width=\"150\" height=\"150\" src=\"https:\/\/cpovobitaraes.eu\/wp-content\/uploads\/2019\/07\/66760273_628449104308277_9024862423709908992_n-150x150.jpg\" class=\"attachment-thumbnail size-thumbnail\" alt=\"\" srcset=\"https:\/\/cpovobitaraes.eu\/wp-content\/uploads\/2019\/07\/66760273_628449104308277_9024862423709908992_n-150x150.jpg 150w, https:\/\/cpovobitaraes.eu\/wp-content\/uploads\/2019\/07\/66760273_628449104308277_9024862423709908992_n-560x560.jpg 560w, https:\/\/cpovobitaraes.eu\/wp-content\/uploads\/2019\/07\/66760273_628449104308277_9024862423709908992_n-367x367.jpg 367w, https:\/\/cpovobitaraes.eu\/wp-content\/uploads\/2019\/07\/66760273_628449104308277_9024862423709908992_n-85x85.jpg 85w, https:\/\/cpovobitaraes.eu\/wp-content\/uploads\/2019\/07\/66760273_628449104308277_9024862423709908992_n-50x50.jpg 50w\" sizes=\"(max-width: 150px) 100vw, 150px\" \/><\/a>\n\t\t\t<\/dt><\/dl><br style=\"clear: both\" \/><dl class='gallery-item'>\n\t\t\t<dt class='gallery-icon landscape'>\n\t\t\t\t<a href='https:\/\/cpovobitaraes.eu\/index.php\/2019\/07\/23\/dia-de-convivio-na-quinta-da-linheira\/66790028_869857283397423_8724407565611433984_n\/'><img loading=\"lazy\" decoding=\"async\" width=\"150\" height=\"150\" src=\"https:\/\/cpovobitaraes.eu\/wp-content\/uploads\/2019\/07\/66790028_869857283397423_8724407565611433984_n-150x150.jpg\" class=\"attachment-thumbnail size-thumbnail\" alt=\"\" srcset=\"https:\/\/cpovobitaraes.eu\/wp-content\/uploads\/2019\/07\/66790028_869857283397423_8724407565611433984_n-150x150.jpg 150w, https:\/\/cpovobitaraes.eu\/wp-content\/uploads\/2019\/07\/66790028_869857283397423_8724407565611433984_n-560x560.jpg 560w, https:\/\/cpovobitaraes.eu\/wp-content\/uploads\/2019\/07\/66790028_869857283397423_8724407565611433984_n-367x367.jpg 367w, https:\/\/cpovobitaraes.eu\/wp-content\/uploads\/2019\/07\/66790028_869857283397423_8724407565611433984_n-85x85.jpg 85w, https:\/\/cpovobitaraes.eu\/wp-content\/uploads\/2019\/07\/66790028_869857283397423_8724407565611433984_n-50x50.jpg 50w\" sizes=\"(max-width: 150px) 100vw, 150px\" \/><\/a>\n\t\t\t<\/dt><\/dl><dl class='gallery-item'>\n\t\t\t<dt class='gallery-icon landscape'>\n\t\t\t\t<a href='https:\/\/cpovobitaraes.eu\/index.php\/2019\/07\/23\/dia-de-convivio-na-quinta-da-linheira\/67107488_1102667606605856_8496971081440034816_n\/'><img loading=\"lazy\" decoding=\"async\" width=\"150\" height=\"150\" src=\"https:\/\/cpovobitaraes.eu\/wp-content\/uploads\/2019\/07\/67107488_1102667606605856_8496971081440034816_n-150x150.jpg\" class=\"attachment-thumbnail size-thumbnail\" alt=\"\" srcset=\"https:\/\/cpovobitaraes.eu\/wp-content\/uploads\/2019\/07\/67107488_1102667606605856_8496971081440034816_n-150x150.jpg 150w, https:\/\/cpovobitaraes.eu\/wp-content\/uploads\/2019\/07\/67107488_1102667606605856_8496971081440034816_n-560x560.jpg 560w, https:\/\/cpovobitaraes.eu\/wp-content\/uploads\/2019\/07\/67107488_1102667606605856_8496971081440034816_n-367x367.jpg 367w, https:\/\/cpovobitaraes.eu\/wp-content\/uploads\/2019\/07\/67107488_1102667606605856_8496971081440034816_n-85x85.jpg 85w, https:\/\/cpovobitaraes.eu\/wp-content\/uploads\/2019\/07\/67107488_1102667606605856_8496971081440034816_n-50x50.jpg 50w\" sizes=\"(max-width: 150px) 100vw, 150px\" \/><\/a>\n\t\t\t<\/dt><\/dl>\n\t\t\t<br style='clear: both' \/>\n\t\t<\/div>\n\n","protected":false},"excerpt":{"rendered":"<p>No dia 10 e Julho de 2019, o Presidente da Casa do Povo de Bitar\u00e3es \u2013 Sr. M\u00e1rio Rocha, presenteou os utentes do Centro de Conv\u00edvio, funcion\u00e1ria, volunt\u00e1rios, estagi\u00e1rios e formandos da Institui\u00e7\u00e3o, com um almo\u00e7o e lanche conv\u00edvio, na sua Quinta em Bitar\u00e3es. Para al\u00e9m disto, n\u00e3o faltou anima\u00e7\u00e3o durante a tarde, em que [&hellip;]<\/p>\n","protected":false},"author":2,"featured_media":0,"comment_status":"open","ping_status":"open","sticky":false,"template":"","format":"standard","meta":{"footnotes":""},"categories":[1],"tags":[],"yoast_head":"<!-- This site is optimized with the Yoast SEO plugin v21.5 - https:\/\/yoast.com\/wordpress\/plugins\/seo\/ -->\r\n<title>Dia de conv\u00edvio na Quinta da Linheira - Casa do Povo de Bitar\u00e3es<\/title>\r\n<meta name=\"robots\" content=\"index, follow, max-snippet:-1, max-image-preview:large, max-video-preview:-1\" \/>\r\n<link rel=\"canonical\" href=\"https:\/\/cpovobitaraes.eu\/index.php\/2019\/07\/23\/dia-de-convivio-na-quinta-da-linheira\/\" \/>\r\n<meta property=\"og:locale\" content=\"pt_PT\" \/>\r\n<meta property=\"og:type\" content=\"article\" \/>\r\n<meta property=\"og:title\" content=\"Dia de conv\u00edvio na Quinta da Linheira - Casa do Povo de Bitar\u00e3es\" \/>\r\n<meta property=\"og:description\" content=\"No dia 10 e Julho de 2019, o Presidente da Casa do Povo de Bitar\u00e3es \u2013 Sr. M\u00e1rio Rocha, presenteou os utentes do Centro de Conv\u00edvio, funcion\u00e1ria, volunt\u00e1rios, estagi\u00e1rios e formandos da Institui\u00e7\u00e3o, com um almo\u00e7o e lanche conv\u00edvio, na sua Quinta em Bitar\u00e3es. Para al\u00e9m disto, n\u00e3o faltou anima\u00e7\u00e3o durante a tarde, em que [&hellip;]\" \/>\r\n<meta property=\"og:url\" content=\"https:\/\/cpovobitaraes.eu\/index.php\/2019\/07\/23\/dia-de-convivio-na-quinta-da-linheira\/\" \/>\r\n<meta property=\"og:site_name\" content=\"Casa do Povo de Bitar\u00e3es\" \/>\r\n<meta property=\"article:publisher\" content=\"https:\/\/www.facebook.com\/Casa-do-Povo-de-Bitar%c3%a3es-684105208273518\/\" \/>\r\n<meta property=\"article:published_time\" content=\"2019-07-23T23:52:26+00:00\" \/>\r\n<meta property=\"article:modified_time\" content=\"2019-07-28T00:17:55+00:00\" \/>\r\n<meta property=\"og:image\" content=\"https:\/\/cpovobitaraes.eu\/wp-content\/uploads\/2019\/07\/66594278_329854671259572_6605224346183008256_n-150x150.jpg\" \/>\r\n<meta name=\"author\" content=\"Casa Povo Bitar\u00e3es\" \/>\r\n<meta name=\"twitter:card\" content=\"summary_large_image\" \/>\r\n<meta name=\"twitter:label1\" content=\"Escrito por\" \/>\n\t<meta name=\"twitter:data1\" content=\"Casa Povo Bitar\u00e3es\" \/>\n\t<meta name=\"twitter:label2\" content=\"Tempo estimado de leitura\" \/>\n\t<meta name=\"twitter:data2\" content=\"1 minuto\" \/>\r\n<script type=\"application\/ld+json\" class=\"yoast-schema-graph\">{\"@context\":\"https:\/\/schema.org\",\"@graph\":[{\"@type\":\"Article\",\"@id\":\"https:\/\/cpovobitaraes.eu\/index.php\/2019\/07\/23\/dia-de-convivio-na-quinta-da-linheira\/#article\",\"isPartOf\":{\"@id\":\"https:\/\/cpovobitaraes.eu\/index.php\/2019\/07\/23\/dia-de-convivio-na-quinta-da-linheira\/\"},\"author\":{\"name\":\"Casa Povo Bitar\u00e3es\",\"@id\":\"https:\/\/cpovobitaraes.eu\/#\/schema\/person\/03936c90667948a46d6c8d18a691bd96\"},\"headline\":\"Dia de conv\u00edvio na Quinta da Linheira\",\"datePublished\":\"2019-07-23T23:52:26+00:00\",\"dateModified\":\"2019-07-28T00:17:55+00:00\",\"mainEntityOfPage\":{\"@id\":\"https:\/\/cpovobitaraes.eu\/index.php\/2019\/07\/23\/dia-de-convivio-na-quinta-da-linheira\/\"},\"wordCount\":121,\"commentCount\":0,\"publisher\":{\"@id\":\"https:\/\/cpovobitaraes.eu\/#organization\"},\"articleSection\":[\"Todos\"],\"inLanguage\":\"pt-PT\",\"potentialAction\":[{\"@type\":\"CommentAction\",\"name\":\"Comment\",\"target\":[\"https:\/\/cpovobitaraes.eu\/index.php\/2019\/07\/23\/dia-de-convivio-na-quinta-da-linheira\/#respond\"]}]},{\"@type\":\"WebPage\",\"@id\":\"https:\/\/cpovobitaraes.eu\/index.php\/2019\/07\/23\/dia-de-convivio-na-quinta-da-linheira\/\",\"url\":\"https:\/\/cpovobitaraes.eu\/index.php\/2019\/07\/23\/dia-de-convivio-na-quinta-da-linheira\/\",\"name\":\"Dia de conv\u00edvio na Quinta da Linheira - Casa do Povo de Bitar\u00e3es\",\"isPartOf\":{\"@id\":\"https:\/\/cpovobitaraes.eu\/#website\"},\"datePublished\":\"2019-07-23T23:52:26+00:00\",\"dateModified\":\"2019-07-28T00:17:55+00:00\",\"breadcrumb\":{\"@id\":\"https:\/\/cpovobitaraes.eu\/index.php\/2019\/07\/23\/dia-de-convivio-na-quinta-da-linheira\/#breadcrumb\"},\"inLanguage\":\"pt-PT\",\"potentialAction\":[{\"@type\":\"ReadAction\",\"target\":[\"https:\/\/cpovobitaraes.eu\/index.php\/2019\/07\/23\/dia-de-convivio-na-quinta-da-linheira\/\"]}]},{\"@type\":\"BreadcrumbList\",\"@id\":\"https:\/\/cpovobitaraes.eu\/index.php\/2019\/07\/23\/dia-de-convivio-na-quinta-da-linheira\/#breadcrumb\",\"itemListElement\":[{\"@type\":\"ListItem\",\"position\":1,\"name\":\"In\u00edcio\",\"item\":\"https:\/\/cpovobitaraes.eu\/\"},{\"@type\":\"ListItem\",\"position\":2,\"name\":\"Dia de conv\u00edvio na Quinta da Linheira\"}]},{\"@type\":\"WebSite\",\"@id\":\"https:\/\/cpovobitaraes.eu\/#website\",\"url\":\"https:\/\/cpovobitaraes.eu\/\",\"name\":\"Casa do Povo de Bitar\u00e3es\",\"description\":\"Ao servi\u00e7o da popula\u00e7\u00e3o\",\"publisher\":{\"@id\":\"https:\/\/cpovobitaraes.eu\/#organization\"},\"potentialAction\":[{\"@type\":\"SearchAction\",\"target\":{\"@type\":\"EntryPoint\",\"urlTemplate\":\"https:\/\/cpovobitaraes.eu\/?s={search_term_string}\"},\"query-input\":\"required name=search_term_string\"}],\"inLanguage\":\"pt-PT\"},{\"@type\":\"Organization\",\"@id\":\"https:\/\/cpovobitaraes.eu\/#organization\",\"name\":\"Casa do Povo de Bitar\u00e3es\",\"url\":\"https:\/\/cpovobitaraes.eu\/\",\"logo\":{\"@type\":\"ImageObject\",\"inLanguage\":\"pt-PT\",\"@id\":\"https:\/\/cpovobitaraes.eu\/#\/schema\/logo\/image\/\",\"url\":\"https:\/\/cpovobitaraes.eu\/wp-content\/uploads\/2018\/11\/logotipo120x120t.png\",\"contentUrl\":\"https:\/\/cpovobitaraes.eu\/wp-content\/uploads\/2018\/11\/logotipo120x120t.png\",\"width\":119,\"height\":128,\"caption\":\"Casa do Povo de Bitar\u00e3es\"},\"image\":{\"@id\":\"https:\/\/cpovobitaraes.eu\/#\/schema\/logo\/image\/\"},\"sameAs\":[\"https:\/\/www.facebook.com\/Casa-do-Povo-de-Bitar\u00e3es-684105208273518\/\"]},{\"@type\":\"Person\",\"@id\":\"https:\/\/cpovobitaraes.eu\/#\/schema\/person\/03936c90667948a46d6c8d18a691bd96\",\"name\":\"Casa Povo Bitar\u00e3es\",\"image\":{\"@type\":\"ImageObject\",\"inLanguage\":\"pt-PT\",\"@id\":\"https:\/\/cpovobitaraes.eu\/#\/schema\/person\/image\/\",\"url\":\"https:\/\/secure.gravatar.com\/avatar\/1e40090b5969c6fe0d6a437393b22ad9?s=96&d=mm&r=g\",\"contentUrl\":\"https:\/\/secure.gravatar.com\/avatar\/1e40090b5969c6fe0d6a437393b22ad9?s=96&d=mm&r=g\",\"caption\":\"Casa Povo Bitar\u00e3es\"},\"sameAs\":[\"http:\/\/www.cpovobitaraes.eu\"],\"url\":\"https:\/\/cpovobitaraes.eu\/index.php\/author\/admin\/\"}]}<\/script>\r\n<!-- \/ Yoast SEO plugin. -->","yoast_head_json":{"title":"Dia de conv\u00edvio na Quinta da Linheira - Casa do Povo de Bitar\u00e3es","robots":{"index":"index","follow":"follow","max-snippet":"max-snippet:-1","max-image-preview":"max-image-preview:large","max-video-preview":"max-video-preview:-1"},"canonical":"https:\/\/cpovobitaraes.eu\/index.php\/2019\/07\/23\/dia-de-convivio-na-quinta-da-linheira\/","og_locale":"pt_PT","og_type":"article","og_title":"Dia de conv\u00edvio na Quinta da Linheira - Casa do Povo de Bitar\u00e3es","og_description":"No dia 10 e Julho de 2019, o Presidente da Casa do Povo de Bitar\u00e3es \u2013 Sr. M\u00e1rio Rocha, presenteou os utentes do Centro de Conv\u00edvio, funcion\u00e1ria, volunt\u00e1rios, estagi\u00e1rios e formandos da Institui\u00e7\u00e3o, com um almo\u00e7o e lanche conv\u00edvio, na sua Quinta em Bitar\u00e3es. Para al\u00e9m disto, n\u00e3o faltou anima\u00e7\u00e3o durante a tarde, em que [&hellip;]","og_url":"https:\/\/cpovobitaraes.eu\/index.php\/2019\/07\/23\/dia-de-convivio-na-quinta-da-linheira\/","og_site_name":"Casa do Povo de Bitar\u00e3es","article_publisher":"https:\/\/www.facebook.com\/Casa-do-Povo-de-Bitar%c3%a3es-684105208273518\/","article_published_time":"2019-07-23T23:52:26+00:00","article_modified_time":"2019-07-28T00:17:55+00:00","og_image":[{"url":"https:\/\/cpovobitaraes.eu\/wp-content\/uploads\/2019\/07\/66594278_329854671259572_6605224346183008256_n-150x150.jpg"}],"author":"Casa Povo Bitar\u00e3es","twitter_card":"summary_large_image","twitter_misc":{"Escrito por":"Casa Povo Bitar\u00e3es","Tempo estimado de leitura":"1 minuto"},"schema":{"@context":"https:\/\/schema.org","@graph":[{"@type":"Article","@id":"https:\/\/cpovobitaraes.eu\/index.php\/2019\/07\/23\/dia-de-convivio-na-quinta-da-linheira\/#article","isPartOf":{"@id":"https:\/\/cpovobitaraes.eu\/index.php\/2019\/07\/23\/dia-de-convivio-na-quinta-da-linheira\/"},"author":{"name":"Casa Povo Bitar\u00e3es","@id":"https:\/\/cpovobitaraes.eu\/#\/schema\/person\/03936c90667948a46d6c8d18a691bd96"},"headline":"Dia de conv\u00edvio na Quinta da Linheira","datePublished":"2019-07-23T23:52:26+00:00","dateModified":"2019-07-28T00:17:55+00:00","mainEntityOfPage":{"@id":"https:\/\/cpovobitaraes.eu\/index.php\/2019\/07\/23\/dia-de-convivio-na-quinta-da-linheira\/"},"wordCount":121,"commentCount":0,"publisher":{"@id":"https:\/\/cpovobitaraes.eu\/#organization"},"articleSection":["Todos"],"inLanguage":"pt-PT","potentialAction":[{"@type":"CommentAction","name":"Comment","target":["https:\/\/cpovobitaraes.eu\/index.php\/2019\/07\/23\/dia-de-convivio-na-quinta-da-linheira\/#respond"]}]},{"@type":"WebPage","@id":"https:\/\/cpovobitaraes.eu\/index.php\/2019\/07\/23\/dia-de-convivio-na-quinta-da-linheira\/","url":"https:\/\/cpovobitaraes.eu\/index.php\/2019\/07\/23\/dia-de-convivio-na-quinta-da-linheira\/","name":"Dia de conv\u00edvio na Quinta da Linheira - Casa do Povo de Bitar\u00e3es","isPartOf":{"@id":"https:\/\/cpovobitaraes.eu\/#website"},"datePublished":"2019-07-23T23:52:26+00:00","dateModified":"2019-07-28T00:17:55+00:00","breadcrumb":{"@id":"https:\/\/cpovobitaraes.eu\/index.php\/2019\/07\/23\/dia-de-convivio-na-quinta-da-linheira\/#breadcrumb"},"inLanguage":"pt-PT","potentialAction":[{"@type":"ReadAction","target":["https:\/\/cpovobitaraes.eu\/index.php\/2019\/07\/23\/dia-de-convivio-na-quinta-da-linheira\/"]}]},{"@type":"BreadcrumbList","@id":"https:\/\/cpovobitaraes.eu\/index.php\/2019\/07\/23\/dia-de-convivio-na-quinta-da-linheira\/#breadcrumb","itemListElement":[{"@type":"ListItem","position":1,"name":"In\u00edcio","item":"https:\/\/cpovobitaraes.eu\/"},{"@type":"ListItem","position":2,"name":"Dia de conv\u00edvio na Quinta da Linheira"}]},{"@type":"WebSite","@id":"https:\/\/cpovobitaraes.eu\/#website","url":"https:\/\/cpovobitaraes.eu\/","name":"Casa do Povo de Bitar\u00e3es","description":"Ao servi\u00e7o da popula\u00e7\u00e3o","publisher":{"@id":"https:\/\/cpovobitaraes.eu\/#organization"},"potentialAction":[{"@type":"SearchAction","target":{"@type":"EntryPoint","urlTemplate":"https:\/\/cpovobitaraes.eu\/?s={search_term_string}"},"query-input":"required name=search_term_string"}],"inLanguage":"pt-PT"},{"@type":"Organization","@id":"https:\/\/cpovobitaraes.eu\/#organization","name":"Casa do Povo de Bitar\u00e3es","url":"https:\/\/cpovobitaraes.eu\/","logo":{"@type":"ImageObject","inLanguage":"pt-PT","@id":"https:\/\/cpovobitaraes.eu\/#\/schema\/logo\/image\/","url":"https:\/\/cpovobitaraes.eu\/wp-content\/uploads\/2018\/11\/logotipo120x120t.png","contentUrl":"https:\/\/cpovobitaraes.eu\/wp-content\/uploads\/2018\/11\/logotipo120x120t.png","width":119,"height":128,"caption":"Casa do Povo de Bitar\u00e3es"},"image":{"@id":"https:\/\/cpovobitaraes.eu\/#\/schema\/logo\/image\/"},"sameAs":["https:\/\/www.facebook.com\/Casa-do-Povo-de-Bitar\u00e3es-684105208273518\/"]},{"@type":"Person","@id":"https:\/\/cpovobitaraes.eu\/#\/schema\/person\/03936c90667948a46d6c8d18a691bd96","name":"Casa Povo Bitar\u00e3es","image":{"@type":"ImageObject","inLanguage":"pt-PT","@id":"https:\/\/cpovobitaraes.eu\/#\/schema\/person\/image\/","url":"https:\/\/secure.gravatar.com\/avatar\/1e40090b5969c6fe0d6a437393b22ad9?s=96&d=mm&r=g","contentUrl":"https:\/\/secure.gravatar.com\/avatar\/1e40090b5969c6fe0d6a437393b22ad9?s=96&d=mm&r=g","caption":"Casa Povo Bitar\u00e3es"},"sameAs":["http:\/\/www.cpovobitaraes.eu"],"url":"https:\/\/cpovobitaraes.eu\/index.php\/author\/admin\/"}]}},"_links":{"self":[{"href":"https:\/\/cpovobitaraes.eu\/index.php\/wp-json\/wp\/v2\/posts\/860"}],"collection":[{"href":"https:\/\/cpovobitaraes.eu\/index.php\/wp-json\/wp\/v2\/posts"}],"about":[{"href":"https:\/\/cpovobitaraes.eu\/index.php\/wp-json\/wp\/v2\/types\/post"}],"author":[{"embeddable":true,"href":"https:\/\/cpovobitaraes.eu\/index.php\/wp-json\/wp\/v2\/users\/2"}],"replies":[{"embeddable":true,"href":"https:\/\/cpovobitaraes.eu\/index.php\/wp-json\/wp\/v2\/comments?post=860"}],"version-history":[{"count":11,"href":"https:\/\/cpovobitaraes.eu\/index.php\/wp-json\/wp\/v2\/posts\/860\/revisions"}],"predecessor-version":[{"id":887,"href":"https:\/\/cpovobitaraes.eu\/index.php\/wp-json\/wp\/v2\/posts\/860\/revisions\/887"}],"wp:attachment":[{"href":"https:\/\/cpovobitaraes.eu\/index.php\/wp-json\/wp\/v2\/media?parent=860"}],"wp:term":[{"taxonomy":"category","embeddable":true,"href":"https:\/\/cpovobitaraes.eu\/index.php\/wp-json\/wp\/v2\/categories?post=860"},{"taxonomy":"post_tag","embeddable":true,"href":"https:\/\/cpovobitaraes.eu\/index.php\/wp-json\/wp\/v2\/tags?post=860"}],"curies":[{"name":"wp","href":"https:\/\/api.w.org\/{rel}","templated":true}]}}