{"id":804,"date":"2019-06-11T22:59:02","date_gmt":"2019-06-11T22:59:02","guid":{"rendered":"https:\/\/cpovobitaraes.eu\/?p=804"},"modified":"2019-06-21T23:38:38","modified_gmt":"2019-06-21T23:38:38","slug":"804","status":"publish","type":"post","link":"https:\/\/cpovobitaraes.eu\/index.php\/2019\/06\/11\/804\/","title":{"rendered":"P\u00e1scoa 2019"},"content":{"rendered":"<p class=\"Standard\">A Casa do Povo de Bitar\u00e3es, comemorou a P\u00e1scoa, dentro e fora da Institui\u00e7\u00e3o.<\/p>\n<p class=\"Standard\">No dia 16 de Abril de 2019, participou juntamente com as Institui\u00e7\u00f5es de 3\u00aa Idade pertencentes ao programa \u201cSinergias XXI\u201d, numa Via Sacra, no Mosteiro de Vilela Paredes,<\/p>\n<p class=\"Standard\">No dia 17, comemorou internamente, com a visualiza\u00e7\u00e3o de um filme alusivo \u00e0 \u00e9poca, seguido de um lanche conv\u00edvio, com entrega de am\u00eandoas feita pela dire\u00e7\u00e3o.<\/p>\n<p><a href=\"https:\/\/cpovobitaraes.eu\/wp-content\/uploads\/2019\/06\/IMG_1438.jpg\"><img loading=\"lazy\" decoding=\"async\" class=\"size-large wp-image-805 alignleft\" src=\"https:\/\/cpovobitaraes.eu\/wp-content\/uploads\/2019\/06\/IMG_1438-1024x768.jpg\" alt=\"\" width=\"900\" height=\"675\" srcset=\"https:\/\/cpovobitaraes.eu\/wp-content\/uploads\/2019\/06\/IMG_1438-1024x768.jpg 1024w, https:\/\/cpovobitaraes.eu\/wp-content\/uploads\/2019\/06\/IMG_1438-300x225.jpg 300w, https:\/\/cpovobitaraes.eu\/wp-content\/uploads\/2019\/06\/IMG_1438-768x576.jpg 768w, https:\/\/cpovobitaraes.eu\/wp-content\/uploads\/2019\/06\/IMG_1438-463x348.jpg 463w\" sizes=\"(max-width: 900px) 100vw, 900px\" \/><\/a><\/p>\n<p>Veja todas as fotos e deixe o seu coment\u00e1rio clicando em (mais)&#8230;<\/p>\n<p>&nbsp;<\/p>\n<h5>\n<!--more--><a href=\"https:\/\/cpovobitaraes.eu\/wp-content\/uploads\/2019\/06\/IMG_1439.jpg\"><img loading=\"lazy\" decoding=\"async\" class=\"size-large wp-image-807 alignleft\" src=\"https:\/\/cpovobitaraes.eu\/wp-content\/uploads\/2019\/06\/IMG_1439-1024x768.jpg\" alt=\"\" width=\"900\" height=\"675\" srcset=\"https:\/\/cpovobitaraes.eu\/wp-content\/uploads\/2019\/06\/IMG_1439-1024x768.jpg 1024w, https:\/\/cpovobitaraes.eu\/wp-content\/uploads\/2019\/06\/IMG_1439-300x225.jpg 300w, https:\/\/cpovobitaraes.eu\/wp-content\/uploads\/2019\/06\/IMG_1439-768x576.jpg 768w, https:\/\/cpovobitaraes.eu\/wp-content\/uploads\/2019\/06\/IMG_1439-463x348.jpg 463w\" sizes=\"(max-width: 900px) 100vw, 900px\" \/><\/a><\/h5>\n<p><!--more--><a href=\"https:\/\/cpovobitaraes.eu\/wp-content\/uploads\/2019\/06\/IMG_1434.jpg\"><img loading=\"lazy\" decoding=\"async\" class=\"size-large wp-image-806 alignleft\" src=\"https:\/\/cpovobitaraes.eu\/wp-content\/uploads\/2019\/06\/IMG_1434-1024x768.jpg\" alt=\"\" width=\"900\" height=\"675\" srcset=\"https:\/\/cpovobitaraes.eu\/wp-content\/uploads\/2019\/06\/IMG_1434-1024x768.jpg 1024w, https:\/\/cpovobitaraes.eu\/wp-content\/uploads\/2019\/06\/IMG_1434-300x225.jpg 300w, https:\/\/cpovobitaraes.eu\/wp-content\/uploads\/2019\/06\/IMG_1434-768x576.jpg 768w, https:\/\/cpovobitaraes.eu\/wp-content\/uploads\/2019\/06\/IMG_1434-463x348.jpg 463w\" sizes=\"(max-width: 900px) 100vw, 900px\" \/><\/a><!--more--><a href=\"https:\/\/cpovobitaraes.eu\/wp-content\/uploads\/2019\/06\/IMG_1441.jpg\"><img loading=\"lazy\" decoding=\"async\" class=\"size-large wp-image-808 alignleft\" src=\"https:\/\/cpovobitaraes.eu\/wp-content\/uploads\/2019\/06\/IMG_1441-1024x768.jpg\" alt=\"\" width=\"900\" height=\"675\" srcset=\"https:\/\/cpovobitaraes.eu\/wp-content\/uploads\/2019\/06\/IMG_1441-1024x768.jpg 1024w, https:\/\/cpovobitaraes.eu\/wp-content\/uploads\/2019\/06\/IMG_1441-300x225.jpg 300w, https:\/\/cpovobitaraes.eu\/wp-content\/uploads\/2019\/06\/IMG_1441-768x576.jpg 768w, https:\/\/cpovobitaraes.eu\/wp-content\/uploads\/2019\/06\/IMG_1441-463x348.jpg 463w\" sizes=\"(max-width: 900px) 100vw, 900px\" \/><\/a><!--more--><a href=\"https:\/\/cpovobitaraes.eu\/wp-content\/uploads\/2019\/06\/IMG_1444.jpg\"><img loading=\"lazy\" decoding=\"async\" class=\"size-large wp-image-809 alignleft\" src=\"https:\/\/cpovobitaraes.eu\/wp-content\/uploads\/2019\/06\/IMG_1444-1024x768.jpg\" alt=\"\" width=\"900\" height=\"675\" srcset=\"https:\/\/cpovobitaraes.eu\/wp-content\/uploads\/2019\/06\/IMG_1444-1024x768.jpg 1024w, https:\/\/cpovobitaraes.eu\/wp-content\/uploads\/2019\/06\/IMG_1444-300x225.jpg 300w, https:\/\/cpovobitaraes.eu\/wp-content\/uploads\/2019\/06\/IMG_1444-768x576.jpg 768w, https:\/\/cpovobitaraes.eu\/wp-content\/uploads\/2019\/06\/IMG_1444-463x348.jpg 463w\" sizes=\"(max-width: 900px) 100vw, 900px\" \/><\/a><!--more--><a href=\"https:\/\/cpovobitaraes.eu\/wp-content\/uploads\/2019\/06\/IMG_1448.jpg\"><img loading=\"lazy\" decoding=\"async\" class=\"size-large wp-image-810 alignleft\" src=\"https:\/\/cpovobitaraes.eu\/wp-content\/uploads\/2019\/06\/IMG_1448-1024x768.jpg\" alt=\"\" width=\"900\" height=\"675\" srcset=\"https:\/\/cpovobitaraes.eu\/wp-content\/uploads\/2019\/06\/IMG_1448-1024x768.jpg 1024w, https:\/\/cpovobitaraes.eu\/wp-content\/uploads\/2019\/06\/IMG_1448-300x225.jpg 300w, https:\/\/cpovobitaraes.eu\/wp-content\/uploads\/2019\/06\/IMG_1448-768x576.jpg 768w, https:\/\/cpovobitaraes.eu\/wp-content\/uploads\/2019\/06\/IMG_1448-463x348.jpg 463w\" sizes=\"(max-width: 900px) 100vw, 900px\" \/><\/a><\/p>\n","protected":false},"excerpt":{"rendered":"<p>A Casa do Povo de Bitar\u00e3es, comemorou a P\u00e1scoa, dentro e fora da Institui\u00e7\u00e3o. No dia 16 de Abril de 2019, participou juntamente com as Institui\u00e7\u00f5es de 3\u00aa Idade pertencentes ao programa \u201cSinergias XXI\u201d, numa Via Sacra, no Mosteiro de Vilela Paredes, No dia 17, comemorou internamente, com a visualiza\u00e7\u00e3o de um filme alusivo \u00e0 [&hellip;]<\/p>\n","protected":false},"author":2,"featured_media":0,"comment_status":"open","ping_status":"open","sticky":false,"template":"","format":"standard","meta":{"footnotes":""},"categories":[1],"tags":[],"yoast_head":"<!-- This site is optimized with the Yoast SEO plugin v21.5 - https:\/\/yoast.com\/wordpress\/plugins\/seo\/ -->\r\n<title>P\u00e1scoa 2019 - Casa do Povo de Bitar\u00e3es<\/title>\r\n<meta name=\"robots\" content=\"index, follow, max-snippet:-1, max-image-preview:large, max-video-preview:-1\" \/>\r\n<link rel=\"canonical\" href=\"https:\/\/cpovobitaraes.eu\/index.php\/2019\/06\/11\/804\/\" \/>\r\n<meta property=\"og:locale\" content=\"pt_PT\" \/>\r\n<meta property=\"og:type\" content=\"article\" \/>\r\n<meta property=\"og:title\" content=\"P\u00e1scoa 2019 - Casa do Povo de Bitar\u00e3es\" \/>\r\n<meta property=\"og:description\" content=\"A Casa do Povo de Bitar\u00e3es, comemorou a P\u00e1scoa, dentro e fora da Institui\u00e7\u00e3o. No dia 16 de Abril de 2019, participou juntamente com as Institui\u00e7\u00f5es de 3\u00aa Idade pertencentes ao programa \u201cSinergias XXI\u201d, numa Via Sacra, no Mosteiro de Vilela Paredes, No dia 17, comemorou internamente, com a visualiza\u00e7\u00e3o de um filme alusivo \u00e0 [&hellip;]\" \/>\r\n<meta property=\"og:url\" content=\"https:\/\/cpovobitaraes.eu\/index.php\/2019\/06\/11\/804\/\" \/>\r\n<meta property=\"og:site_name\" content=\"Casa do Povo de Bitar\u00e3es\" \/>\r\n<meta property=\"article:publisher\" content=\"https:\/\/www.facebook.com\/Casa-do-Povo-de-Bitar%c3%a3es-684105208273518\/\" \/>\r\n<meta property=\"article:published_time\" content=\"2019-06-11T22:59:02+00:00\" \/>\r\n<meta property=\"article:modified_time\" content=\"2019-06-21T23:38:38+00:00\" \/>\r\n<meta property=\"og:image\" content=\"https:\/\/cpovobitaraes.eu\/wp-content\/uploads\/2019\/06\/IMG_1438-1024x768.jpg\" \/>\r\n<meta name=\"author\" content=\"Casa Povo Bitar\u00e3es\" \/>\r\n<meta name=\"twitter:card\" content=\"summary_large_image\" \/>\r\n<meta name=\"twitter:label1\" content=\"Escrito por\" \/>\n\t<meta name=\"twitter:data1\" content=\"Casa Povo Bitar\u00e3es\" \/>\r\n<script type=\"application\/ld+json\" class=\"yoast-schema-graph\">{\"@context\":\"https:\/\/schema.org\",\"@graph\":[{\"@type\":\"Article\",\"@id\":\"https:\/\/cpovobitaraes.eu\/index.php\/2019\/06\/11\/804\/#article\",\"isPartOf\":{\"@id\":\"https:\/\/cpovobitaraes.eu\/index.php\/2019\/06\/11\/804\/\"},\"author\":{\"name\":\"Casa Povo Bitar\u00e3es\",\"@id\":\"https:\/\/cpovobitaraes.eu\/#\/schema\/person\/03936c90667948a46d6c8d18a691bd96\"},\"headline\":\"P\u00e1scoa 2019\",\"datePublished\":\"2019-06-11T22:59:02+00:00\",\"dateModified\":\"2019-06-21T23:38:38+00:00\",\"mainEntityOfPage\":{\"@id\":\"https:\/\/cpovobitaraes.eu\/index.php\/2019\/06\/11\/804\/\"},\"wordCount\":87,\"commentCount\":0,\"publisher\":{\"@id\":\"https:\/\/cpovobitaraes.eu\/#organization\"},\"articleSection\":[\"Todos\"],\"inLanguage\":\"pt-PT\",\"potentialAction\":[{\"@type\":\"CommentAction\",\"name\":\"Comment\",\"target\":[\"https:\/\/cpovobitaraes.eu\/index.php\/2019\/06\/11\/804\/#respond\"]}]},{\"@type\":\"WebPage\",\"@id\":\"https:\/\/cpovobitaraes.eu\/index.php\/2019\/06\/11\/804\/\",\"url\":\"https:\/\/cpovobitaraes.eu\/index.php\/2019\/06\/11\/804\/\",\"name\":\"P\u00e1scoa 2019 - Casa do Povo de Bitar\u00e3es\",\"isPartOf\":{\"@id\":\"https:\/\/cpovobitaraes.eu\/#website\"},\"datePublished\":\"2019-06-11T22:59:02+00:00\",\"dateModified\":\"2019-06-21T23:38:38+00:00\",\"breadcrumb\":{\"@id\":\"https:\/\/cpovobitaraes.eu\/index.php\/2019\/06\/11\/804\/#breadcrumb\"},\"inLanguage\":\"pt-PT\",\"potentialAction\":[{\"@type\":\"ReadAction\",\"target\":[\"https:\/\/cpovobitaraes.eu\/index.php\/2019\/06\/11\/804\/\"]}]},{\"@type\":\"BreadcrumbList\",\"@id\":\"https:\/\/cpovobitaraes.eu\/index.php\/2019\/06\/11\/804\/#breadcrumb\",\"itemListElement\":[{\"@type\":\"ListItem\",\"position\":1,\"name\":\"In\u00edcio\",\"item\":\"https:\/\/cpovobitaraes.eu\/\"},{\"@type\":\"ListItem\",\"position\":2,\"name\":\"P\u00e1scoa 2019\"}]},{\"@type\":\"WebSite\",\"@id\":\"https:\/\/cpovobitaraes.eu\/#website\",\"url\":\"https:\/\/cpovobitaraes.eu\/\",\"name\":\"Casa do Povo de Bitar\u00e3es\",\"description\":\"Ao servi\u00e7o da popula\u00e7\u00e3o\",\"publisher\":{\"@id\":\"https:\/\/cpovobitaraes.eu\/#organization\"},\"potentialAction\":[{\"@type\":\"SearchAction\",\"target\":{\"@type\":\"EntryPoint\",\"urlTemplate\":\"https:\/\/cpovobitaraes.eu\/?s={search_term_string}\"},\"query-input\":\"required name=search_term_string\"}],\"inLanguage\":\"pt-PT\"},{\"@type\":\"Organization\",\"@id\":\"https:\/\/cpovobitaraes.eu\/#organization\",\"name\":\"Casa do Povo de Bitar\u00e3es\",\"url\":\"https:\/\/cpovobitaraes.eu\/\",\"logo\":{\"@type\":\"ImageObject\",\"inLanguage\":\"pt-PT\",\"@id\":\"https:\/\/cpovobitaraes.eu\/#\/schema\/logo\/image\/\",\"url\":\"https:\/\/cpovobitaraes.eu\/wp-content\/uploads\/2018\/11\/logotipo120x120t.png\",\"contentUrl\":\"https:\/\/cpovobitaraes.eu\/wp-content\/uploads\/2018\/11\/logotipo120x120t.png\",\"width\":119,\"height\":128,\"caption\":\"Casa do Povo de Bitar\u00e3es\"},\"image\":{\"@id\":\"https:\/\/cpovobitaraes.eu\/#\/schema\/logo\/image\/\"},\"sameAs\":[\"https:\/\/www.facebook.com\/Casa-do-Povo-de-Bitar\u00e3es-684105208273518\/\"]},{\"@type\":\"Person\",\"@id\":\"https:\/\/cpovobitaraes.eu\/#\/schema\/person\/03936c90667948a46d6c8d18a691bd96\",\"name\":\"Casa Povo Bitar\u00e3es\",\"image\":{\"@type\":\"ImageObject\",\"inLanguage\":\"pt-PT\",\"@id\":\"https:\/\/cpovobitaraes.eu\/#\/schema\/person\/image\/\",\"url\":\"https:\/\/secure.gravatar.com\/avatar\/1e40090b5969c6fe0d6a437393b22ad9?s=96&d=mm&r=g\",\"contentUrl\":\"https:\/\/secure.gravatar.com\/avatar\/1e40090b5969c6fe0d6a437393b22ad9?s=96&d=mm&r=g\",\"caption\":\"Casa Povo Bitar\u00e3es\"},\"sameAs\":[\"http:\/\/www.cpovobitaraes.eu\"],\"url\":\"https:\/\/cpovobitaraes.eu\/index.php\/author\/admin\/\"}]}<\/script>\r\n<!-- \/ Yoast SEO plugin. -->","yoast_head_json":{"title":"P\u00e1scoa 2019 - Casa do Povo de Bitar\u00e3es","robots":{"index":"index","follow":"follow","max-snippet":"max-snippet:-1","max-image-preview":"max-image-preview:large","max-video-preview":"max-video-preview:-1"},"canonical":"https:\/\/cpovobitaraes.eu\/index.php\/2019\/06\/11\/804\/","og_locale":"pt_PT","og_type":"article","og_title":"P\u00e1scoa 2019 - Casa do Povo de Bitar\u00e3es","og_description":"A Casa do Povo de Bitar\u00e3es, comemorou a P\u00e1scoa, dentro e fora da Institui\u00e7\u00e3o. No dia 16 de Abril de 2019, participou juntamente com as Institui\u00e7\u00f5es de 3\u00aa Idade pertencentes ao programa \u201cSinergias XXI\u201d, numa Via Sacra, no Mosteiro de Vilela Paredes, No dia 17, comemorou internamente, com a visualiza\u00e7\u00e3o de um filme alusivo \u00e0 [&hellip;]","og_url":"https:\/\/cpovobitaraes.eu\/index.php\/2019\/06\/11\/804\/","og_site_name":"Casa do Povo de Bitar\u00e3es","article_publisher":"https:\/\/www.facebook.com\/Casa-do-Povo-de-Bitar%c3%a3es-684105208273518\/","article_published_time":"2019-06-11T22:59:02+00:00","article_modified_time":"2019-06-21T23:38:38+00:00","og_image":[{"url":"https:\/\/cpovobitaraes.eu\/wp-content\/uploads\/2019\/06\/IMG_1438-1024x768.jpg"}],"author":"Casa Povo Bitar\u00e3es","twitter_card":"summary_large_image","twitter_misc":{"Escrito por":"Casa Povo Bitar\u00e3es"},"schema":{"@context":"https:\/\/schema.org","@graph":[{"@type":"Article","@id":"https:\/\/cpovobitaraes.eu\/index.php\/2019\/06\/11\/804\/#article","isPartOf":{"@id":"https:\/\/cpovobitaraes.eu\/index.php\/2019\/06\/11\/804\/"},"author":{"name":"Casa Povo Bitar\u00e3es","@id":"https:\/\/cpovobitaraes.eu\/#\/schema\/person\/03936c90667948a46d6c8d18a691bd96"},"headline":"P\u00e1scoa 2019","datePublished":"2019-06-11T22:59:02+00:00","dateModified":"2019-06-21T23:38:38+00:00","mainEntityOfPage":{"@id":"https:\/\/cpovobitaraes.eu\/index.php\/2019\/06\/11\/804\/"},"wordCount":87,"commentCount":0,"publisher":{"@id":"https:\/\/cpovobitaraes.eu\/#organization"},"articleSection":["Todos"],"inLanguage":"pt-PT","potentialAction":[{"@type":"CommentAction","name":"Comment","target":["https:\/\/cpovobitaraes.eu\/index.php\/2019\/06\/11\/804\/#respond"]}]},{"@type":"WebPage","@id":"https:\/\/cpovobitaraes.eu\/index.php\/2019\/06\/11\/804\/","url":"https:\/\/cpovobitaraes.eu\/index.php\/2019\/06\/11\/804\/","name":"P\u00e1scoa 2019 - Casa do Povo de Bitar\u00e3es","isPartOf":{"@id":"https:\/\/cpovobitaraes.eu\/#website"},"datePublished":"2019-06-11T22:59:02+00:00","dateModified":"2019-06-21T23:38:38+00:00","breadcrumb":{"@id":"https:\/\/cpovobitaraes.eu\/index.php\/2019\/06\/11\/804\/#breadcrumb"},"inLanguage":"pt-PT","potentialAction":[{"@type":"ReadAction","target":["https:\/\/cpovobitaraes.eu\/index.php\/2019\/06\/11\/804\/"]}]},{"@type":"BreadcrumbList","@id":"https:\/\/cpovobitaraes.eu\/index.php\/2019\/06\/11\/804\/#breadcrumb","itemListElement":[{"@type":"ListItem","position":1,"name":"In\u00edcio","item":"https:\/\/cpovobitaraes.eu\/"},{"@type":"ListItem","position":2,"name":"P\u00e1scoa 2019"}]},{"@type":"WebSite","@id":"https:\/\/cpovobitaraes.eu\/#website","url":"https:\/\/cpovobitaraes.eu\/","name":"Casa do Povo de Bitar\u00e3es","description":"Ao servi\u00e7o da popula\u00e7\u00e3o","publisher":{"@id":"https:\/\/cpovobitaraes.eu\/#organization"},"potentialAction":[{"@type":"SearchAction","target":{"@type":"EntryPoint","urlTemplate":"https:\/\/cpovobitaraes.eu\/?s={search_term_string}"},"query-input":"required name=search_term_string"}],"inLanguage":"pt-PT"},{"@type":"Organization","@id":"https:\/\/cpovobitaraes.eu\/#organization","name":"Casa do Povo de Bitar\u00e3es","url":"https:\/\/cpovobitaraes.eu\/","logo":{"@type":"ImageObject","inLanguage":"pt-PT","@id":"https:\/\/cpovobitaraes.eu\/#\/schema\/logo\/image\/","url":"https:\/\/cpovobitaraes.eu\/wp-content\/uploads\/2018\/11\/logotipo120x120t.png","contentUrl":"https:\/\/cpovobitaraes.eu\/wp-content\/uploads\/2018\/11\/logotipo120x120t.png","width":119,"height":128,"caption":"Casa do Povo de Bitar\u00e3es"},"image":{"@id":"https:\/\/cpovobitaraes.eu\/#\/schema\/logo\/image\/"},"sameAs":["https:\/\/www.facebook.com\/Casa-do-Povo-de-Bitar\u00e3es-684105208273518\/"]},{"@type":"Person","@id":"https:\/\/cpovobitaraes.eu\/#\/schema\/person\/03936c90667948a46d6c8d18a691bd96","name":"Casa Povo Bitar\u00e3es","image":{"@type":"ImageObject","inLanguage":"pt-PT","@id":"https:\/\/cpovobitaraes.eu\/#\/schema\/person\/image\/","url":"https:\/\/secure.gravatar.com\/avatar\/1e40090b5969c6fe0d6a437393b22ad9?s=96&d=mm&r=g","contentUrl":"https:\/\/secure.gravatar.com\/avatar\/1e40090b5969c6fe0d6a437393b22ad9?s=96&d=mm&r=g","caption":"Casa Povo Bitar\u00e3es"},"sameAs":["http:\/\/www.cpovobitaraes.eu"],"url":"https:\/\/cpovobitaraes.eu\/index.php\/author\/admin\/"}]}},"_links":{"self":[{"href":"https:\/\/cpovobitaraes.eu\/index.php\/wp-json\/wp\/v2\/posts\/804"}],"collection":[{"href":"https:\/\/cpovobitaraes.eu\/index.php\/wp-json\/wp\/v2\/posts"}],"about":[{"href":"https:\/\/cpovobitaraes.eu\/index.php\/wp-json\/wp\/v2\/types\/post"}],"author":[{"embeddable":true,"href":"https:\/\/cpovobitaraes.eu\/index.php\/wp-json\/wp\/v2\/users\/2"}],"replies":[{"embeddable":true,"href":"https:\/\/cpovobitaraes.eu\/index.php\/wp-json\/wp\/v2\/comments?post=804"}],"version-history":[{"count":8,"href":"https:\/\/cpovobitaraes.eu\/index.php\/wp-json\/wp\/v2\/posts\/804\/revisions"}],"predecessor-version":[{"id":848,"href":"https:\/\/cpovobitaraes.eu\/index.php\/wp-json\/wp\/v2\/posts\/804\/revisions\/848"}],"wp:attachment":[{"href":"https:\/\/cpovobitaraes.eu\/index.php\/wp-json\/wp\/v2\/media?parent=804"}],"wp:term":[{"taxonomy":"category","embeddable":true,"href":"https:\/\/cpovobitaraes.eu\/index.php\/wp-json\/wp\/v2\/categories?post=804"},{"taxonomy":"post_tag","embeddable":true,"href":"https:\/\/cpovobitaraes.eu\/index.php\/wp-json\/wp\/v2\/tags?post=804"}],"curies":[{"name":"wp","href":"https:\/\/api.w.org\/{rel}","templated":true}]}}