{"id":2246,"date":"2023-08-03T15:43:32","date_gmt":"2023-08-03T15:43:32","guid":{"rendered":"https:\/\/cpovobitaraes.eu\/?p=2246"},"modified":"2023-08-03T15:43:34","modified_gmt":"2023-08-03T15:43:34","slug":"cerimonia-de-lancamento-da-primeira-pedra-da-erpi-e-sad","status":"publish","type":"post","link":"https:\/\/cpovobitaraes.eu\/index.php\/2023\/08\/03\/cerimonia-de-lancamento-da-primeira-pedra-da-erpi-e-sad\/","title":{"rendered":"Cerimonia de Lan\u00e7amento da Primeira Pedra da ERPI e SAD"},"content":{"rendered":"\n<p>No passado dia 21 de Julho de 2023, foi lan\u00e7ada a primeira pedra da Estrutura Residencial para Idosos (ERPI) e do Servi\u00e7o de Apoio Domicili\u00e1rio (SAD) da Casa do Povo de Bitar\u00e3es, que ir\u00e1 situar-se na Urbaniza\u00e7\u00e3o do Souto Bitar\u00e3es.<\/p>\n\n\n\n<p>A ERPI ter\u00e1 capacidade para 36 utentes e o SAD para 40 utentes.<\/p>\n\n\n\n<p>Projeto financiado pelo PRR \u2013 Plano de Recupera\u00e7\u00e3o e Resili\u00eancia e apoiado financeiramente pelo munic\u00edpio de Paredes em cerca de 829 mil euros para a obra e ainda 50 mil euros na elabora\u00e7\u00e3o dos projetos t\u00e9cnicos da execu\u00e7\u00e3o da obra.<\/p>\n\n\n\n<p>O Presidente da Casa do Povo de Bitar\u00e3es \u2013 Sr. M\u00e1rio Rocha, sente-se muito grato \u00e0 C\u00e2mara Municipal de Paredes, por todo o apoio e investimento nesta Institui\u00e7\u00e3o, referindo \u201c\u00e9 mais uma etapa da concretiza\u00e7\u00e3o do sonho de construir um lar residencial que sirva a nossa comunidade\u201d.<\/p>\n\n\n\n<p>O Sr. Presidente da Casa do Povo de Bitar\u00e3es, tamb\u00e9m fez um agradecimento muito especial ao Dr. Pedro Mendes, pela ajuda concedida na doa\u00e7\u00e3o \u00e0 Casa do Povo, do terreno onde ir\u00e1 nascer esta importante obra.<\/p>\n\n\n\n<p>Durante a cerim\u00f3nia o Presidente \u2013 Sr. M\u00e1rio Rocha, referiu:<\/p>\n\n\n\n<p>\u201co mais importante de tudo \u00e9 que agora v\u00e3o existir condi\u00e7\u00f5es para olhar o nosso futuro, com mais esperan\u00e7a e alegria.\u201d<\/p>\n\n\n\n<p>\u201cSaber que, naquela que \u00e9 a nossa terra, teremos resposta com qualidade para continuarmos a viver junto e pr\u00f3ximos de quem gostamos, \u00e9 uma grande alegria que enche o cora\u00e7\u00e3o.\u201d<\/p>\n\n\n\n<p>\u201cn\u00e3o podia haver s\u00edtio melhor do que este, para construir este Lar Residencial.\u201d<\/p>\n\n\n\n<p>\u201choje, para mim, \u00e9 um dia de grande significado, foram muitas horas, muitas noites mal dormidas, alguns percal\u00e7os, mas nunca deixei de acreditar que este era o caminho certo para a nossa Casa do Povo de Bitar\u00e3es. Valeu a pena este sacrif\u00edcio e esfor\u00e7o que dediquei e dedico \u00e0 nossa Institui\u00e7\u00e3o, no ano em que completa 50 anos.\u201d<\/p>\n\n\n\n<p>Prev\u00ea-se que a obra avance no pr\u00f3ximo m\u00eas de Setembro, tendo o prazo de execu\u00e7\u00e3o de 24 meses.<\/p>\n\n\n\n<p>Esta cerim\u00f3nia contou com a presen\u00e7a do Presidente da C\u00e2mara \u2013 Dr. Alexandre Almeida, do Vice-Presidente da C\u00e2mara &#8211; Sr. Elias Barros, dos vereadores Dr. Francisco Leal, Dra. Beatriz Meireles, Dr. Paulo Silva, Dra. T\u00e2nia Ribeiro; do presidente da Junta de Freguesia de Paredes \u2013 Sr. Artur Silva; do Sr. Padre Armando Neto, de representantes de Institui\u00e7\u00f5es e empresas locais; de pessoas da comunidade; do Sr. Paulo Costa; do Presidente da Junta de Louredo \u2013 Sr. Paulo Borges; do representante da Junta da Madalena &#8211; Sr. Joel Ribeiro; da Empresa JAMO e de todos os representantes dos \u00d3rg\u00e3os Sociais da Casa do Povo de Bitar\u00e3es.<\/p>\n\n\n\n<p>Foi um dia verdadeiramente inesquec\u00edvel\/um marco na hist\u00f3ria da Casa do Povo de Bitar\u00e3es.<\/p>\n\n\n\n<p>Bem hajam a todos quantos de alguma forma t\u00eam contribu\u00eddo para a concretiza\u00e7\u00e3o deste objetivo e a todos os que estiveram presentes neste dia t\u00e3o especial.<\/p>\n\n\n\n<figure class=\"wp-block-image size-large\"><img loading=\"lazy\" decoding=\"async\" width=\"1024\" height=\"768\" src=\"https:\/\/cpovobitaraes.eu\/wp-content\/uploads\/2023\/08\/IMG_20230721_190528-1024x768.jpg\" alt=\"\" class=\"wp-image-2247\" srcset=\"https:\/\/cpovobitaraes.eu\/wp-content\/uploads\/2023\/08\/IMG_20230721_190528-1024x768.jpg 1024w, https:\/\/cpovobitaraes.eu\/wp-content\/uploads\/2023\/08\/IMG_20230721_190528-300x225.jpg 300w, https:\/\/cpovobitaraes.eu\/wp-content\/uploads\/2023\/08\/IMG_20230721_190528-768x576.jpg 768w, https:\/\/cpovobitaraes.eu\/wp-content\/uploads\/2023\/08\/IMG_20230721_190528-1536x1152.jpg 1536w, https:\/\/cpovobitaraes.eu\/wp-content\/uploads\/2023\/08\/IMG_20230721_190528-2048x1536.jpg 2048w, https:\/\/cpovobitaraes.eu\/wp-content\/uploads\/2023\/08\/IMG_20230721_190528-463x348.jpg 463w\" sizes=\"(max-width: 1024px) 100vw, 1024px\" \/><\/figure>\n\n\n\n<!--more Veja todas as fotos e deixe um coment\u00e1rio clicando (AQUI)-->\n\n\n\n<figure class=\"wp-block-image size-large\"><img loading=\"lazy\" decoding=\"async\" width=\"1024\" height=\"768\" src=\"https:\/\/cpovobitaraes.eu\/wp-content\/uploads\/2023\/08\/IMG_20230721_190404-1024x768.jpg\" alt=\"\" class=\"wp-image-2248\" srcset=\"https:\/\/cpovobitaraes.eu\/wp-content\/uploads\/2023\/08\/IMG_20230721_190404-1024x768.jpg 1024w, https:\/\/cpovobitaraes.eu\/wp-content\/uploads\/2023\/08\/IMG_20230721_190404-300x225.jpg 300w, https:\/\/cpovobitaraes.eu\/wp-content\/uploads\/2023\/08\/IMG_20230721_190404-768x576.jpg 768w, https:\/\/cpovobitaraes.eu\/wp-content\/uploads\/2023\/08\/IMG_20230721_190404-1536x1152.jpg 1536w, https:\/\/cpovobitaraes.eu\/wp-content\/uploads\/2023\/08\/IMG_20230721_190404-2048x1536.jpg 2048w, https:\/\/cpovobitaraes.eu\/wp-content\/uploads\/2023\/08\/IMG_20230721_190404-463x348.jpg 463w\" sizes=\"(max-width: 1024px) 100vw, 1024px\" \/><\/figure>\n\n\n\n<figure class=\"wp-block-image size-large\"><img loading=\"lazy\" decoding=\"async\" width=\"1024\" height=\"768\" src=\"https:\/\/cpovobitaraes.eu\/wp-content\/uploads\/2023\/08\/IMG_20230721_190608-1024x768.jpg\" alt=\"\" class=\"wp-image-2249\" srcset=\"https:\/\/cpovobitaraes.eu\/wp-content\/uploads\/2023\/08\/IMG_20230721_190608-1024x768.jpg 1024w, https:\/\/cpovobitaraes.eu\/wp-content\/uploads\/2023\/08\/IMG_20230721_190608-300x225.jpg 300w, https:\/\/cpovobitaraes.eu\/wp-content\/uploads\/2023\/08\/IMG_20230721_190608-768x576.jpg 768w, https:\/\/cpovobitaraes.eu\/wp-content\/uploads\/2023\/08\/IMG_20230721_190608-1536x1152.jpg 1536w, https:\/\/cpovobitaraes.eu\/wp-content\/uploads\/2023\/08\/IMG_20230721_190608-2048x1536.jpg 2048w, https:\/\/cpovobitaraes.eu\/wp-content\/uploads\/2023\/08\/IMG_20230721_190608-463x348.jpg 463w\" sizes=\"(max-width: 1024px) 100vw, 1024px\" \/><\/figure>\n\n\n\n<figure class=\"wp-block-image size-large\"><img loading=\"lazy\" decoding=\"async\" width=\"1024\" height=\"768\" src=\"https:\/\/cpovobitaraes.eu\/wp-content\/uploads\/2023\/08\/IMG_20230721_190453-1024x768.jpg\" alt=\"\" class=\"wp-image-2250\" srcset=\"https:\/\/cpovobitaraes.eu\/wp-content\/uploads\/2023\/08\/IMG_20230721_190453-1024x768.jpg 1024w, https:\/\/cpovobitaraes.eu\/wp-content\/uploads\/2023\/08\/IMG_20230721_190453-300x225.jpg 300w, https:\/\/cpovobitaraes.eu\/wp-content\/uploads\/2023\/08\/IMG_20230721_190453-768x576.jpg 768w, https:\/\/cpovobitaraes.eu\/wp-content\/uploads\/2023\/08\/IMG_20230721_190453-1536x1152.jpg 1536w, https:\/\/cpovobitaraes.eu\/wp-content\/uploads\/2023\/08\/IMG_20230721_190453-2048x1536.jpg 2048w, https:\/\/cpovobitaraes.eu\/wp-content\/uploads\/2023\/08\/IMG_20230721_190453-463x348.jpg 463w\" sizes=\"(max-width: 1024px) 100vw, 1024px\" \/><\/figure>\n\n\n\n<figure class=\"wp-block-image size-large\"><img loading=\"lazy\" decoding=\"async\" width=\"1024\" height=\"768\" src=\"https:\/\/cpovobitaraes.eu\/wp-content\/uploads\/2023\/08\/IMG_20230721_190643-1024x768.jpg\" alt=\"\" class=\"wp-image-2251\" srcset=\"https:\/\/cpovobitaraes.eu\/wp-content\/uploads\/2023\/08\/IMG_20230721_190643-1024x768.jpg 1024w, https:\/\/cpovobitaraes.eu\/wp-content\/uploads\/2023\/08\/IMG_20230721_190643-300x225.jpg 300w, https:\/\/cpovobitaraes.eu\/wp-content\/uploads\/2023\/08\/IMG_20230721_190643-768x576.jpg 768w, https:\/\/cpovobitaraes.eu\/wp-content\/uploads\/2023\/08\/IMG_20230721_190643-1536x1152.jpg 1536w, https:\/\/cpovobitaraes.eu\/wp-content\/uploads\/2023\/08\/IMG_20230721_190643-2048x1536.jpg 2048w, https:\/\/cpovobitaraes.eu\/wp-content\/uploads\/2023\/08\/IMG_20230721_190643-463x348.jpg 463w\" sizes=\"(max-width: 1024px) 100vw, 1024px\" \/><\/figure>\n\n\n\n<figure class=\"wp-block-image size-large\"><img loading=\"lazy\" decoding=\"async\" width=\"1024\" height=\"768\" src=\"https:\/\/cpovobitaraes.eu\/wp-content\/uploads\/2023\/08\/IMG_20230721_190720-1024x768.jpg\" alt=\"\" class=\"wp-image-2252\" srcset=\"https:\/\/cpovobitaraes.eu\/wp-content\/uploads\/2023\/08\/IMG_20230721_190720-1024x768.jpg 1024w, https:\/\/cpovobitaraes.eu\/wp-content\/uploads\/2023\/08\/IMG_20230721_190720-300x225.jpg 300w, https:\/\/cpovobitaraes.eu\/wp-content\/uploads\/2023\/08\/IMG_20230721_190720-768x576.jpg 768w, https:\/\/cpovobitaraes.eu\/wp-content\/uploads\/2023\/08\/IMG_20230721_190720-1536x1152.jpg 1536w, https:\/\/cpovobitaraes.eu\/wp-content\/uploads\/2023\/08\/IMG_20230721_190720-2048x1536.jpg 2048w, https:\/\/cpovobitaraes.eu\/wp-content\/uploads\/2023\/08\/IMG_20230721_190720-463x348.jpg 463w\" sizes=\"(max-width: 1024px) 100vw, 1024px\" \/><\/figure>\n\n\n\n<figure class=\"wp-block-image size-large\"><img loading=\"lazy\" decoding=\"async\" width=\"1024\" height=\"768\" src=\"https:\/\/cpovobitaraes.eu\/wp-content\/uploads\/2023\/08\/IMG_20230721_190800-1024x768.jpg\" alt=\"\" class=\"wp-image-2253\" srcset=\"https:\/\/cpovobitaraes.eu\/wp-content\/uploads\/2023\/08\/IMG_20230721_190800-1024x768.jpg 1024w, https:\/\/cpovobitaraes.eu\/wp-content\/uploads\/2023\/08\/IMG_20230721_190800-300x225.jpg 300w, https:\/\/cpovobitaraes.eu\/wp-content\/uploads\/2023\/08\/IMG_20230721_190800-768x576.jpg 768w, https:\/\/cpovobitaraes.eu\/wp-content\/uploads\/2023\/08\/IMG_20230721_190800-1536x1152.jpg 1536w, https:\/\/cpovobitaraes.eu\/wp-content\/uploads\/2023\/08\/IMG_20230721_190800-2048x1536.jpg 2048w, https:\/\/cpovobitaraes.eu\/wp-content\/uploads\/2023\/08\/IMG_20230721_190800-463x348.jpg 463w\" sizes=\"(max-width: 1024px) 100vw, 1024px\" \/><\/figure>\n\n\n\n<figure class=\"wp-block-image size-large\"><img loading=\"lazy\" decoding=\"async\" width=\"1024\" height=\"768\" src=\"https:\/\/cpovobitaraes.eu\/wp-content\/uploads\/2023\/08\/IMG_20230721_191551-1024x768.jpg\" alt=\"\" class=\"wp-image-2254\" srcset=\"https:\/\/cpovobitaraes.eu\/wp-content\/uploads\/2023\/08\/IMG_20230721_191551-1024x768.jpg 1024w, https:\/\/cpovobitaraes.eu\/wp-content\/uploads\/2023\/08\/IMG_20230721_191551-300x225.jpg 300w, https:\/\/cpovobitaraes.eu\/wp-content\/uploads\/2023\/08\/IMG_20230721_191551-768x576.jpg 768w, https:\/\/cpovobitaraes.eu\/wp-content\/uploads\/2023\/08\/IMG_20230721_191551-1536x1152.jpg 1536w, https:\/\/cpovobitaraes.eu\/wp-content\/uploads\/2023\/08\/IMG_20230721_191551-2048x1536.jpg 2048w, https:\/\/cpovobitaraes.eu\/wp-content\/uploads\/2023\/08\/IMG_20230721_191551-463x348.jpg 463w\" sizes=\"(max-width: 1024px) 100vw, 1024px\" \/><\/figure>\n\n\n\n<figure class=\"wp-block-image size-large\"><img loading=\"lazy\" decoding=\"async\" width=\"1024\" height=\"768\" src=\"https:\/\/cpovobitaraes.eu\/wp-content\/uploads\/2023\/08\/IMG_20230721_191926-1024x768.jpg\" alt=\"\" class=\"wp-image-2256\" srcset=\"https:\/\/cpovobitaraes.eu\/wp-content\/uploads\/2023\/08\/IMG_20230721_191926-1024x768.jpg 1024w, https:\/\/cpovobitaraes.eu\/wp-content\/uploads\/2023\/08\/IMG_20230721_191926-300x225.jpg 300w, https:\/\/cpovobitaraes.eu\/wp-content\/uploads\/2023\/08\/IMG_20230721_191926-768x576.jpg 768w, https:\/\/cpovobitaraes.eu\/wp-content\/uploads\/2023\/08\/IMG_20230721_191926-1536x1152.jpg 1536w, https:\/\/cpovobitaraes.eu\/wp-content\/uploads\/2023\/08\/IMG_20230721_191926-2048x1536.jpg 2048w, https:\/\/cpovobitaraes.eu\/wp-content\/uploads\/2023\/08\/IMG_20230721_191926-463x348.jpg 463w\" sizes=\"(max-width: 1024px) 100vw, 1024px\" \/><\/figure>\n\n\n\n<figure class=\"wp-block-image size-large\"><img loading=\"lazy\" decoding=\"async\" width=\"1024\" height=\"768\" src=\"https:\/\/cpovobitaraes.eu\/wp-content\/uploads\/2023\/08\/IMG_20230721_190437-1024x768.jpg\" alt=\"\" class=\"wp-image-2257\" srcset=\"https:\/\/cpovobitaraes.eu\/wp-content\/uploads\/2023\/08\/IMG_20230721_190437-1024x768.jpg 1024w, https:\/\/cpovobitaraes.eu\/wp-content\/uploads\/2023\/08\/IMG_20230721_190437-300x225.jpg 300w, https:\/\/cpovobitaraes.eu\/wp-content\/uploads\/2023\/08\/IMG_20230721_190437-768x576.jpg 768w, https:\/\/cpovobitaraes.eu\/wp-content\/uploads\/2023\/08\/IMG_20230721_190437-1536x1152.jpg 1536w, https:\/\/cpovobitaraes.eu\/wp-content\/uploads\/2023\/08\/IMG_20230721_190437-2048x1536.jpg 2048w, https:\/\/cpovobitaraes.eu\/wp-content\/uploads\/2023\/08\/IMG_20230721_190437-463x348.jpg 463w\" sizes=\"(max-width: 1024px) 100vw, 1024px\" \/><\/figure>\n\n\n\n<figure class=\"wp-block-image size-large\"><img loading=\"lazy\" decoding=\"async\" width=\"1024\" height=\"768\" src=\"https:\/\/cpovobitaraes.eu\/wp-content\/uploads\/2023\/08\/IMG_20230721_190851-1024x768.jpg\" alt=\"\" class=\"wp-image-2258\" srcset=\"https:\/\/cpovobitaraes.eu\/wp-content\/uploads\/2023\/08\/IMG_20230721_190851-1024x768.jpg 1024w, https:\/\/cpovobitaraes.eu\/wp-content\/uploads\/2023\/08\/IMG_20230721_190851-300x225.jpg 300w, https:\/\/cpovobitaraes.eu\/wp-content\/uploads\/2023\/08\/IMG_20230721_190851-768x576.jpg 768w, https:\/\/cpovobitaraes.eu\/wp-content\/uploads\/2023\/08\/IMG_20230721_190851-1536x1152.jpg 1536w, https:\/\/cpovobitaraes.eu\/wp-content\/uploads\/2023\/08\/IMG_20230721_190851-2048x1536.jpg 2048w, https:\/\/cpovobitaraes.eu\/wp-content\/uploads\/2023\/08\/IMG_20230721_190851-463x348.jpg 463w\" sizes=\"(max-width: 1024px) 100vw, 1024px\" \/><\/figure>\n\n\n\n<figure class=\"wp-block-image size-large\"><img loading=\"lazy\" decoding=\"async\" width=\"1024\" height=\"768\" src=\"https:\/\/cpovobitaraes.eu\/wp-content\/uploads\/2023\/08\/IMG_20230721_190959-1024x768.jpg\" alt=\"\" class=\"wp-image-2259\" srcset=\"https:\/\/cpovobitaraes.eu\/wp-content\/uploads\/2023\/08\/IMG_20230721_190959-1024x768.jpg 1024w, https:\/\/cpovobitaraes.eu\/wp-content\/uploads\/2023\/08\/IMG_20230721_190959-300x225.jpg 300w, https:\/\/cpovobitaraes.eu\/wp-content\/uploads\/2023\/08\/IMG_20230721_190959-768x576.jpg 768w, https:\/\/cpovobitaraes.eu\/wp-content\/uploads\/2023\/08\/IMG_20230721_190959-1536x1152.jpg 1536w, https:\/\/cpovobitaraes.eu\/wp-content\/uploads\/2023\/08\/IMG_20230721_190959-2048x1536.jpg 2048w, https:\/\/cpovobitaraes.eu\/wp-content\/uploads\/2023\/08\/IMG_20230721_190959-463x348.jpg 463w\" sizes=\"(max-width: 1024px) 100vw, 1024px\" \/><\/figure>\n\n\n\n<figure class=\"wp-block-image size-large\"><img loading=\"lazy\" decoding=\"async\" width=\"1024\" height=\"768\" src=\"https:\/\/cpovobitaraes.eu\/wp-content\/uploads\/2023\/08\/IMG_20230721_190910-1024x768.jpg\" alt=\"\" class=\"wp-image-2260\" srcset=\"https:\/\/cpovobitaraes.eu\/wp-content\/uploads\/2023\/08\/IMG_20230721_190910-1024x768.jpg 1024w, https:\/\/cpovobitaraes.eu\/wp-content\/uploads\/2023\/08\/IMG_20230721_190910-300x225.jpg 300w, https:\/\/cpovobitaraes.eu\/wp-content\/uploads\/2023\/08\/IMG_20230721_190910-768x576.jpg 768w, https:\/\/cpovobitaraes.eu\/wp-content\/uploads\/2023\/08\/IMG_20230721_190910-1536x1152.jpg 1536w, https:\/\/cpovobitaraes.eu\/wp-content\/uploads\/2023\/08\/IMG_20230721_190910-2048x1536.jpg 2048w, https:\/\/cpovobitaraes.eu\/wp-content\/uploads\/2023\/08\/IMG_20230721_190910-463x348.jpg 463w\" sizes=\"(max-width: 1024px) 100vw, 1024px\" \/><\/figure>\n\n\n\n<figure class=\"wp-block-image size-large\"><img loading=\"lazy\" decoding=\"async\" width=\"1024\" height=\"768\" src=\"https:\/\/cpovobitaraes.eu\/wp-content\/uploads\/2023\/08\/IMG_20230721_194310-1024x768.jpg\" alt=\"\" class=\"wp-image-2261\" srcset=\"https:\/\/cpovobitaraes.eu\/wp-content\/uploads\/2023\/08\/IMG_20230721_194310-1024x768.jpg 1024w, https:\/\/cpovobitaraes.eu\/wp-content\/uploads\/2023\/08\/IMG_20230721_194310-300x225.jpg 300w, https:\/\/cpovobitaraes.eu\/wp-content\/uploads\/2023\/08\/IMG_20230721_194310-768x576.jpg 768w, https:\/\/cpovobitaraes.eu\/wp-content\/uploads\/2023\/08\/IMG_20230721_194310-1536x1152.jpg 1536w, https:\/\/cpovobitaraes.eu\/wp-content\/uploads\/2023\/08\/IMG_20230721_194310-2048x1536.jpg 2048w, https:\/\/cpovobitaraes.eu\/wp-content\/uploads\/2023\/08\/IMG_20230721_194310-463x348.jpg 463w\" sizes=\"(max-width: 1024px) 100vw, 1024px\" \/><\/figure>\n","protected":false},"excerpt":{"rendered":"<p>No passado dia 21 de Julho de 2023, foi lan\u00e7ada a primeira pedra da Estrutura Residencial para Idosos (ERPI) e do Servi\u00e7o de Apoio Domicili\u00e1rio (SAD) da Casa do Povo de Bitar\u00e3es, que ir\u00e1 situar-se na Urbaniza\u00e7\u00e3o do Souto Bitar\u00e3es. A ERPI ter\u00e1 capacidade para 36 utentes e o SAD para 40 utentes. Projeto financiado [&hellip;]<\/p>\n","protected":false},"author":2,"featured_media":0,"comment_status":"open","ping_status":"open","sticky":false,"template":"","format":"standard","meta":{"footnotes":""},"categories":[1],"tags":[],"yoast_head":"<!-- This site is optimized with the Yoast SEO plugin v21.5 - https:\/\/yoast.com\/wordpress\/plugins\/seo\/ -->\r\n<title>Cerimonia de Lan\u00e7amento da Primeira Pedra da ERPI e SAD - Casa do Povo de Bitar\u00e3es<\/title>\r\n<meta name=\"robots\" content=\"index, follow, max-snippet:-1, max-image-preview:large, max-video-preview:-1\" \/>\r\n<link rel=\"canonical\" href=\"https:\/\/cpovobitaraes.eu\/index.php\/2023\/08\/03\/cerimonia-de-lancamento-da-primeira-pedra-da-erpi-e-sad\/\" \/>\r\n<meta property=\"og:locale\" content=\"pt_PT\" \/>\r\n<meta property=\"og:type\" content=\"article\" \/>\r\n<meta property=\"og:title\" content=\"Cerimonia de Lan\u00e7amento da Primeira Pedra da ERPI e SAD - Casa do Povo de Bitar\u00e3es\" \/>\r\n<meta property=\"og:description\" content=\"No passado dia 21 de Julho de 2023, foi lan\u00e7ada a primeira pedra da Estrutura Residencial para Idosos (ERPI) e do Servi\u00e7o de Apoio Domicili\u00e1rio (SAD) da Casa do Povo de Bitar\u00e3es, que ir\u00e1 situar-se na Urbaniza\u00e7\u00e3o do Souto Bitar\u00e3es. A ERPI ter\u00e1 capacidade para 36 utentes e o SAD para 40 utentes. Projeto financiado [&hellip;]\" \/>\r\n<meta property=\"og:url\" content=\"https:\/\/cpovobitaraes.eu\/index.php\/2023\/08\/03\/cerimonia-de-lancamento-da-primeira-pedra-da-erpi-e-sad\/\" \/>\r\n<meta property=\"og:site_name\" content=\"Casa do Povo de Bitar\u00e3es\" \/>\r\n<meta property=\"article:publisher\" content=\"https:\/\/www.facebook.com\/Casa-do-Povo-de-Bitar%c3%a3es-684105208273518\/\" \/>\r\n<meta property=\"article:published_time\" content=\"2023-08-03T15:43:32+00:00\" \/>\r\n<meta property=\"article:modified_time\" content=\"2023-08-03T15:43:34+00:00\" \/>\r\n<meta property=\"og:image\" content=\"https:\/\/cpovobitaraes.eu\/wp-content\/uploads\/2023\/08\/IMG_20230721_190528-1024x768.jpg\" \/>\r\n<meta name=\"author\" content=\"Casa Povo Bitar\u00e3es\" \/>\r\n<meta name=\"twitter:card\" content=\"summary_large_image\" \/>\r\n<meta name=\"twitter:label1\" content=\"Escrito por\" \/>\n\t<meta name=\"twitter:data1\" content=\"Casa Povo Bitar\u00e3es\" \/>\n\t<meta name=\"twitter:label2\" content=\"Tempo estimado de leitura\" \/>\n\t<meta name=\"twitter:data2\" content=\"3 minutos\" \/>\r\n<script type=\"application\/ld+json\" class=\"yoast-schema-graph\">{\"@context\":\"https:\/\/schema.org\",\"@graph\":[{\"@type\":\"Article\",\"@id\":\"https:\/\/cpovobitaraes.eu\/index.php\/2023\/08\/03\/cerimonia-de-lancamento-da-primeira-pedra-da-erpi-e-sad\/#article\",\"isPartOf\":{\"@id\":\"https:\/\/cpovobitaraes.eu\/index.php\/2023\/08\/03\/cerimonia-de-lancamento-da-primeira-pedra-da-erpi-e-sad\/\"},\"author\":{\"name\":\"Casa Povo Bitar\u00e3es\",\"@id\":\"https:\/\/cpovobitaraes.eu\/#\/schema\/person\/03936c90667948a46d6c8d18a691bd96\"},\"headline\":\"Cerimonia de Lan\u00e7amento da Primeira Pedra da ERPI e SAD\",\"datePublished\":\"2023-08-03T15:43:32+00:00\",\"dateModified\":\"2023-08-03T15:43:34+00:00\",\"mainEntityOfPage\":{\"@id\":\"https:\/\/cpovobitaraes.eu\/index.php\/2023\/08\/03\/cerimonia-de-lancamento-da-primeira-pedra-da-erpi-e-sad\/\"},\"wordCount\":514,\"commentCount\":0,\"publisher\":{\"@id\":\"https:\/\/cpovobitaraes.eu\/#organization\"},\"articleSection\":[\"Todos\"],\"inLanguage\":\"pt-PT\",\"potentialAction\":[{\"@type\":\"CommentAction\",\"name\":\"Comment\",\"target\":[\"https:\/\/cpovobitaraes.eu\/index.php\/2023\/08\/03\/cerimonia-de-lancamento-da-primeira-pedra-da-erpi-e-sad\/#respond\"]}]},{\"@type\":\"WebPage\",\"@id\":\"https:\/\/cpovobitaraes.eu\/index.php\/2023\/08\/03\/cerimonia-de-lancamento-da-primeira-pedra-da-erpi-e-sad\/\",\"url\":\"https:\/\/cpovobitaraes.eu\/index.php\/2023\/08\/03\/cerimonia-de-lancamento-da-primeira-pedra-da-erpi-e-sad\/\",\"name\":\"Cerimonia de Lan\u00e7amento da Primeira Pedra da ERPI e SAD - Casa do Povo de Bitar\u00e3es\",\"isPartOf\":{\"@id\":\"https:\/\/cpovobitaraes.eu\/#website\"},\"datePublished\":\"2023-08-03T15:43:32+00:00\",\"dateModified\":\"2023-08-03T15:43:34+00:00\",\"breadcrumb\":{\"@id\":\"https:\/\/cpovobitaraes.eu\/index.php\/2023\/08\/03\/cerimonia-de-lancamento-da-primeira-pedra-da-erpi-e-sad\/#breadcrumb\"},\"inLanguage\":\"pt-PT\",\"potentialAction\":[{\"@type\":\"ReadAction\",\"target\":[\"https:\/\/cpovobitaraes.eu\/index.php\/2023\/08\/03\/cerimonia-de-lancamento-da-primeira-pedra-da-erpi-e-sad\/\"]}]},{\"@type\":\"BreadcrumbList\",\"@id\":\"https:\/\/cpovobitaraes.eu\/index.php\/2023\/08\/03\/cerimonia-de-lancamento-da-primeira-pedra-da-erpi-e-sad\/#breadcrumb\",\"itemListElement\":[{\"@type\":\"ListItem\",\"position\":1,\"name\":\"In\u00edcio\",\"item\":\"https:\/\/cpovobitaraes.eu\/\"},{\"@type\":\"ListItem\",\"position\":2,\"name\":\"Cerimonia de Lan\u00e7amento da Primeira Pedra da ERPI e SAD\"}]},{\"@type\":\"WebSite\",\"@id\":\"https:\/\/cpovobitaraes.eu\/#website\",\"url\":\"https:\/\/cpovobitaraes.eu\/\",\"name\":\"Casa do Povo de Bitar\u00e3es\",\"description\":\"Ao servi\u00e7o da popula\u00e7\u00e3o\",\"publisher\":{\"@id\":\"https:\/\/cpovobitaraes.eu\/#organization\"},\"potentialAction\":[{\"@type\":\"SearchAction\",\"target\":{\"@type\":\"EntryPoint\",\"urlTemplate\":\"https:\/\/cpovobitaraes.eu\/?s={search_term_string}\"},\"query-input\":\"required name=search_term_string\"}],\"inLanguage\":\"pt-PT\"},{\"@type\":\"Organization\",\"@id\":\"https:\/\/cpovobitaraes.eu\/#organization\",\"name\":\"Casa do Povo de Bitar\u00e3es\",\"url\":\"https:\/\/cpovobitaraes.eu\/\",\"logo\":{\"@type\":\"ImageObject\",\"inLanguage\":\"pt-PT\",\"@id\":\"https:\/\/cpovobitaraes.eu\/#\/schema\/logo\/image\/\",\"url\":\"https:\/\/cpovobitaraes.eu\/wp-content\/uploads\/2018\/11\/logotipo120x120t.png\",\"contentUrl\":\"https:\/\/cpovobitaraes.eu\/wp-content\/uploads\/2018\/11\/logotipo120x120t.png\",\"width\":119,\"height\":128,\"caption\":\"Casa do Povo de Bitar\u00e3es\"},\"image\":{\"@id\":\"https:\/\/cpovobitaraes.eu\/#\/schema\/logo\/image\/\"},\"sameAs\":[\"https:\/\/www.facebook.com\/Casa-do-Povo-de-Bitar\u00e3es-684105208273518\/\"]},{\"@type\":\"Person\",\"@id\":\"https:\/\/cpovobitaraes.eu\/#\/schema\/person\/03936c90667948a46d6c8d18a691bd96\",\"name\":\"Casa Povo Bitar\u00e3es\",\"image\":{\"@type\":\"ImageObject\",\"inLanguage\":\"pt-PT\",\"@id\":\"https:\/\/cpovobitaraes.eu\/#\/schema\/person\/image\/\",\"url\":\"https:\/\/secure.gravatar.com\/avatar\/1e40090b5969c6fe0d6a437393b22ad9?s=96&d=mm&r=g\",\"contentUrl\":\"https:\/\/secure.gravatar.com\/avatar\/1e40090b5969c6fe0d6a437393b22ad9?s=96&d=mm&r=g\",\"caption\":\"Casa Povo Bitar\u00e3es\"},\"sameAs\":[\"http:\/\/www.cpovobitaraes.eu\"],\"url\":\"https:\/\/cpovobitaraes.eu\/index.php\/author\/admin\/\"}]}<\/script>\r\n<!-- \/ Yoast SEO plugin. -->","yoast_head_json":{"title":"Cerimonia de Lan\u00e7amento da Primeira Pedra da ERPI e SAD - Casa do Povo de Bitar\u00e3es","robots":{"index":"index","follow":"follow","max-snippet":"max-snippet:-1","max-image-preview":"max-image-preview:large","max-video-preview":"max-video-preview:-1"},"canonical":"https:\/\/cpovobitaraes.eu\/index.php\/2023\/08\/03\/cerimonia-de-lancamento-da-primeira-pedra-da-erpi-e-sad\/","og_locale":"pt_PT","og_type":"article","og_title":"Cerimonia de Lan\u00e7amento da Primeira Pedra da ERPI e SAD - Casa do Povo de Bitar\u00e3es","og_description":"No passado dia 21 de Julho de 2023, foi lan\u00e7ada a primeira pedra da Estrutura Residencial para Idosos (ERPI) e do Servi\u00e7o de Apoio Domicili\u00e1rio (SAD) da Casa do Povo de Bitar\u00e3es, que ir\u00e1 situar-se na Urbaniza\u00e7\u00e3o do Souto Bitar\u00e3es. A ERPI ter\u00e1 capacidade para 36 utentes e o SAD para 40 utentes. Projeto financiado [&hellip;]","og_url":"https:\/\/cpovobitaraes.eu\/index.php\/2023\/08\/03\/cerimonia-de-lancamento-da-primeira-pedra-da-erpi-e-sad\/","og_site_name":"Casa do Povo de Bitar\u00e3es","article_publisher":"https:\/\/www.facebook.com\/Casa-do-Povo-de-Bitar%c3%a3es-684105208273518\/","article_published_time":"2023-08-03T15:43:32+00:00","article_modified_time":"2023-08-03T15:43:34+00:00","og_image":[{"url":"https:\/\/cpovobitaraes.eu\/wp-content\/uploads\/2023\/08\/IMG_20230721_190528-1024x768.jpg"}],"author":"Casa Povo Bitar\u00e3es","twitter_card":"summary_large_image","twitter_misc":{"Escrito por":"Casa Povo Bitar\u00e3es","Tempo estimado de leitura":"3 minutos"},"schema":{"@context":"https:\/\/schema.org","@graph":[{"@type":"Article","@id":"https:\/\/cpovobitaraes.eu\/index.php\/2023\/08\/03\/cerimonia-de-lancamento-da-primeira-pedra-da-erpi-e-sad\/#article","isPartOf":{"@id":"https:\/\/cpovobitaraes.eu\/index.php\/2023\/08\/03\/cerimonia-de-lancamento-da-primeira-pedra-da-erpi-e-sad\/"},"author":{"name":"Casa Povo Bitar\u00e3es","@id":"https:\/\/cpovobitaraes.eu\/#\/schema\/person\/03936c90667948a46d6c8d18a691bd96"},"headline":"Cerimonia de Lan\u00e7amento da Primeira Pedra da ERPI e SAD","datePublished":"2023-08-03T15:43:32+00:00","dateModified":"2023-08-03T15:43:34+00:00","mainEntityOfPage":{"@id":"https:\/\/cpovobitaraes.eu\/index.php\/2023\/08\/03\/cerimonia-de-lancamento-da-primeira-pedra-da-erpi-e-sad\/"},"wordCount":514,"commentCount":0,"publisher":{"@id":"https:\/\/cpovobitaraes.eu\/#organization"},"articleSection":["Todos"],"inLanguage":"pt-PT","potentialAction":[{"@type":"CommentAction","name":"Comment","target":["https:\/\/cpovobitaraes.eu\/index.php\/2023\/08\/03\/cerimonia-de-lancamento-da-primeira-pedra-da-erpi-e-sad\/#respond"]}]},{"@type":"WebPage","@id":"https:\/\/cpovobitaraes.eu\/index.php\/2023\/08\/03\/cerimonia-de-lancamento-da-primeira-pedra-da-erpi-e-sad\/","url":"https:\/\/cpovobitaraes.eu\/index.php\/2023\/08\/03\/cerimonia-de-lancamento-da-primeira-pedra-da-erpi-e-sad\/","name":"Cerimonia de Lan\u00e7amento da Primeira Pedra da ERPI e SAD - Casa do Povo de Bitar\u00e3es","isPartOf":{"@id":"https:\/\/cpovobitaraes.eu\/#website"},"datePublished":"2023-08-03T15:43:32+00:00","dateModified":"2023-08-03T15:43:34+00:00","breadcrumb":{"@id":"https:\/\/cpovobitaraes.eu\/index.php\/2023\/08\/03\/cerimonia-de-lancamento-da-primeira-pedra-da-erpi-e-sad\/#breadcrumb"},"inLanguage":"pt-PT","potentialAction":[{"@type":"ReadAction","target":["https:\/\/cpovobitaraes.eu\/index.php\/2023\/08\/03\/cerimonia-de-lancamento-da-primeira-pedra-da-erpi-e-sad\/"]}]},{"@type":"BreadcrumbList","@id":"https:\/\/cpovobitaraes.eu\/index.php\/2023\/08\/03\/cerimonia-de-lancamento-da-primeira-pedra-da-erpi-e-sad\/#breadcrumb","itemListElement":[{"@type":"ListItem","position":1,"name":"In\u00edcio","item":"https:\/\/cpovobitaraes.eu\/"},{"@type":"ListItem","position":2,"name":"Cerimonia de Lan\u00e7amento da Primeira Pedra da ERPI e SAD"}]},{"@type":"WebSite","@id":"https:\/\/cpovobitaraes.eu\/#website","url":"https:\/\/cpovobitaraes.eu\/","name":"Casa do Povo de Bitar\u00e3es","description":"Ao servi\u00e7o da popula\u00e7\u00e3o","publisher":{"@id":"https:\/\/cpovobitaraes.eu\/#organization"},"potentialAction":[{"@type":"SearchAction","target":{"@type":"EntryPoint","urlTemplate":"https:\/\/cpovobitaraes.eu\/?s={search_term_string}"},"query-input":"required name=search_term_string"}],"inLanguage":"pt-PT"},{"@type":"Organization","@id":"https:\/\/cpovobitaraes.eu\/#organization","name":"Casa do Povo de Bitar\u00e3es","url":"https:\/\/cpovobitaraes.eu\/","logo":{"@type":"ImageObject","inLanguage":"pt-PT","@id":"https:\/\/cpovobitaraes.eu\/#\/schema\/logo\/image\/","url":"https:\/\/cpovobitaraes.eu\/wp-content\/uploads\/2018\/11\/logotipo120x120t.png","contentUrl":"https:\/\/cpovobitaraes.eu\/wp-content\/uploads\/2018\/11\/logotipo120x120t.png","width":119,"height":128,"caption":"Casa do Povo de Bitar\u00e3es"},"image":{"@id":"https:\/\/cpovobitaraes.eu\/#\/schema\/logo\/image\/"},"sameAs":["https:\/\/www.facebook.com\/Casa-do-Povo-de-Bitar\u00e3es-684105208273518\/"]},{"@type":"Person","@id":"https:\/\/cpovobitaraes.eu\/#\/schema\/person\/03936c90667948a46d6c8d18a691bd96","name":"Casa Povo Bitar\u00e3es","image":{"@type":"ImageObject","inLanguage":"pt-PT","@id":"https:\/\/cpovobitaraes.eu\/#\/schema\/person\/image\/","url":"https:\/\/secure.gravatar.com\/avatar\/1e40090b5969c6fe0d6a437393b22ad9?s=96&d=mm&r=g","contentUrl":"https:\/\/secure.gravatar.com\/avatar\/1e40090b5969c6fe0d6a437393b22ad9?s=96&d=mm&r=g","caption":"Casa Povo Bitar\u00e3es"},"sameAs":["http:\/\/www.cpovobitaraes.eu"],"url":"https:\/\/cpovobitaraes.eu\/index.php\/author\/admin\/"}]}},"_links":{"self":[{"href":"https:\/\/cpovobitaraes.eu\/index.php\/wp-json\/wp\/v2\/posts\/2246"}],"collection":[{"href":"https:\/\/cpovobitaraes.eu\/index.php\/wp-json\/wp\/v2\/posts"}],"about":[{"href":"https:\/\/cpovobitaraes.eu\/index.php\/wp-json\/wp\/v2\/types\/post"}],"author":[{"embeddable":true,"href":"https:\/\/cpovobitaraes.eu\/index.php\/wp-json\/wp\/v2\/users\/2"}],"replies":[{"embeddable":true,"href":"https:\/\/cpovobitaraes.eu\/index.php\/wp-json\/wp\/v2\/comments?post=2246"}],"version-history":[{"count":1,"href":"https:\/\/cpovobitaraes.eu\/index.php\/wp-json\/wp\/v2\/posts\/2246\/revisions"}],"predecessor-version":[{"id":2262,"href":"https:\/\/cpovobitaraes.eu\/index.php\/wp-json\/wp\/v2\/posts\/2246\/revisions\/2262"}],"wp:attachment":[{"href":"https:\/\/cpovobitaraes.eu\/index.php\/wp-json\/wp\/v2\/media?parent=2246"}],"wp:term":[{"taxonomy":"category","embeddable":true,"href":"https:\/\/cpovobitaraes.eu\/index.php\/wp-json\/wp\/v2\/categories?post=2246"},{"taxonomy":"post_tag","embeddable":true,"href":"https:\/\/cpovobitaraes.eu\/index.php\/wp-json\/wp\/v2\/tags?post=2246"}],"curies":[{"name":"wp","href":"https:\/\/api.w.org\/{rel}","templated":true}]}}