{"id":2217,"date":"2023-07-06T22:29:49","date_gmt":"2023-07-06T22:29:49","guid":{"rendered":"https:\/\/cpovobitaraes.eu\/?p=2217"},"modified":"2023-07-06T22:29:51","modified_gmt":"2023-07-06T22:29:51","slug":"marchas-de-s-joao-2023","status":"publish","type":"post","link":"https:\/\/cpovobitaraes.eu\/index.php\/2023\/07\/06\/marchas-de-s-joao-2023\/","title":{"rendered":"Marchas de S. Jo\u00e3o 2023"},"content":{"rendered":"\n<p>Na tarde do passado dia 27 de Junho, realizaram as tradicionais marchas de S. Jo\u00e3o, organizadas Pelo Centro Social e Paroquial de Baltar em parceria com a C\u00e2mara Municipal de Paredes, dirigidas \u00e0s Institui\u00e7\u00f5es Particulares de Seguran\u00e7a Social do concelho.<\/p>\n\n\n\n<p>Participaram cerca de 350 Idosos e foram premiadas a melhor coreografia, a melhor m\u00fasica e o melhor guarda-roupa.<\/p>\n\n\n\n<p>A Casa do Povo de Bitar\u00e3es foi contemplada com o pr\u00e9mio de melhor guarda-roupa e regressaram a casa muito satisfeitos, pois para al\u00e9m do pr\u00e9mio, divertiram-se muito e deliciaram-se com a sardinhada t\u00e3o caracter\u00edstica desta \u00e9poca.<\/p>\n\n\n\n<p>Parab\u00e9ns a todos os participantes e \u00e0 organiza\u00e7\u00e3o.<\/p>\n\n\n\n<figure class=\"wp-block-image size-large\"><img loading=\"lazy\" decoding=\"async\" width=\"1024\" height=\"694\" src=\"https:\/\/cpovobitaraes.eu\/wp-content\/uploads\/2023\/07\/347442629_657862649716611_8123736113195284894_n-1024x694.jpg\" alt=\"\" class=\"wp-image-2218\" srcset=\"https:\/\/cpovobitaraes.eu\/wp-content\/uploads\/2023\/07\/347442629_657862649716611_8123736113195284894_n-1024x694.jpg 1024w, https:\/\/cpovobitaraes.eu\/wp-content\/uploads\/2023\/07\/347442629_657862649716611_8123736113195284894_n-300x203.jpg 300w, https:\/\/cpovobitaraes.eu\/wp-content\/uploads\/2023\/07\/347442629_657862649716611_8123736113195284894_n-768x520.jpg 768w, https:\/\/cpovobitaraes.eu\/wp-content\/uploads\/2023\/07\/347442629_657862649716611_8123736113195284894_n-1536x1040.jpg 1536w, https:\/\/cpovobitaraes.eu\/wp-content\/uploads\/2023\/07\/347442629_657862649716611_8123736113195284894_n.jpg 2048w\" sizes=\"(max-width: 1024px) 100vw, 1024px\" \/><\/figure>\n\n\n\n<!--more Veja todas as fotos e deixe um coment\u00e1rioclicando (AQUI)-->\n\n\n\n<figure class=\"wp-block-image size-large\"><img loading=\"lazy\" decoding=\"async\" width=\"1024\" height=\"683\" src=\"https:\/\/cpovobitaraes.eu\/wp-content\/uploads\/2023\/07\/347406483_657857036383839_6075689011423633888_n-1024x683.jpg\" alt=\"\" class=\"wp-image-2219\" srcset=\"https:\/\/cpovobitaraes.eu\/wp-content\/uploads\/2023\/07\/347406483_657857036383839_6075689011423633888_n-1024x683.jpg 1024w, https:\/\/cpovobitaraes.eu\/wp-content\/uploads\/2023\/07\/347406483_657857036383839_6075689011423633888_n-300x200.jpg 300w, https:\/\/cpovobitaraes.eu\/wp-content\/uploads\/2023\/07\/347406483_657857036383839_6075689011423633888_n-768x512.jpg 768w, https:\/\/cpovobitaraes.eu\/wp-content\/uploads\/2023\/07\/347406483_657857036383839_6075689011423633888_n-1536x1024.jpg 1536w, https:\/\/cpovobitaraes.eu\/wp-content\/uploads\/2023\/07\/347406483_657857036383839_6075689011423633888_n.jpg 2048w\" sizes=\"(max-width: 1024px) 100vw, 1024px\" \/><\/figure>\n\n\n\n<figure class=\"wp-block-image size-large\"><img loading=\"lazy\" decoding=\"async\" width=\"1024\" height=\"768\" src=\"https:\/\/cpovobitaraes.eu\/wp-content\/uploads\/2023\/07\/IMG_20230627_153720-1024x768.jpg\" alt=\"\" class=\"wp-image-2221\" srcset=\"https:\/\/cpovobitaraes.eu\/wp-content\/uploads\/2023\/07\/IMG_20230627_153720-1024x768.jpg 1024w, https:\/\/cpovobitaraes.eu\/wp-content\/uploads\/2023\/07\/IMG_20230627_153720-300x225.jpg 300w, https:\/\/cpovobitaraes.eu\/wp-content\/uploads\/2023\/07\/IMG_20230627_153720-768x576.jpg 768w, https:\/\/cpovobitaraes.eu\/wp-content\/uploads\/2023\/07\/IMG_20230627_153720-1536x1152.jpg 1536w, https:\/\/cpovobitaraes.eu\/wp-content\/uploads\/2023\/07\/IMG_20230627_153720-2048x1536.jpg 2048w, https:\/\/cpovobitaraes.eu\/wp-content\/uploads\/2023\/07\/IMG_20230627_153720-463x348.jpg 463w\" sizes=\"(max-width: 1024px) 100vw, 1024px\" \/><\/figure>\n\n\n\n<figure class=\"wp-block-image size-large\"><img loading=\"lazy\" decoding=\"async\" width=\"1024\" height=\"768\" src=\"https:\/\/cpovobitaraes.eu\/wp-content\/uploads\/2023\/07\/IMG_20230627_144634-1024x768.jpg\" alt=\"\" class=\"wp-image-2223\" srcset=\"https:\/\/cpovobitaraes.eu\/wp-content\/uploads\/2023\/07\/IMG_20230627_144634-1024x768.jpg 1024w, https:\/\/cpovobitaraes.eu\/wp-content\/uploads\/2023\/07\/IMG_20230627_144634-300x225.jpg 300w, https:\/\/cpovobitaraes.eu\/wp-content\/uploads\/2023\/07\/IMG_20230627_144634-768x576.jpg 768w, https:\/\/cpovobitaraes.eu\/wp-content\/uploads\/2023\/07\/IMG_20230627_144634-1536x1152.jpg 1536w, https:\/\/cpovobitaraes.eu\/wp-content\/uploads\/2023\/07\/IMG_20230627_144634-2048x1536.jpg 2048w, https:\/\/cpovobitaraes.eu\/wp-content\/uploads\/2023\/07\/IMG_20230627_144634-463x348.jpg 463w\" sizes=\"(max-width: 1024px) 100vw, 1024px\" \/><\/figure>\n\n\n\n<figure class=\"wp-block-image size-large\"><img loading=\"lazy\" decoding=\"async\" width=\"1024\" height=\"683\" src=\"https:\/\/cpovobitaraes.eu\/wp-content\/uploads\/2023\/07\/347406483_657854929717383_2549755370887930990_n-1024x683.jpg\" alt=\"\" class=\"wp-image-2224\" srcset=\"https:\/\/cpovobitaraes.eu\/wp-content\/uploads\/2023\/07\/347406483_657854929717383_2549755370887930990_n-1024x683.jpg 1024w, https:\/\/cpovobitaraes.eu\/wp-content\/uploads\/2023\/07\/347406483_657854929717383_2549755370887930990_n-300x200.jpg 300w, https:\/\/cpovobitaraes.eu\/wp-content\/uploads\/2023\/07\/347406483_657854929717383_2549755370887930990_n-768x512.jpg 768w, https:\/\/cpovobitaraes.eu\/wp-content\/uploads\/2023\/07\/347406483_657854929717383_2549755370887930990_n-1536x1024.jpg 1536w, https:\/\/cpovobitaraes.eu\/wp-content\/uploads\/2023\/07\/347406483_657854929717383_2549755370887930990_n.jpg 2048w\" sizes=\"(max-width: 1024px) 100vw, 1024px\" \/><\/figure>\n\n\n\n<figure class=\"wp-block-image size-large\"><img loading=\"lazy\" decoding=\"async\" width=\"1024\" height=\"768\" src=\"https:\/\/cpovobitaraes.eu\/wp-content\/uploads\/2023\/07\/IMG_20230627_144339-1024x768.jpg\" alt=\"\" class=\"wp-image-2225\" srcset=\"https:\/\/cpovobitaraes.eu\/wp-content\/uploads\/2023\/07\/IMG_20230627_144339-1024x768.jpg 1024w, https:\/\/cpovobitaraes.eu\/wp-content\/uploads\/2023\/07\/IMG_20230627_144339-300x225.jpg 300w, https:\/\/cpovobitaraes.eu\/wp-content\/uploads\/2023\/07\/IMG_20230627_144339-768x576.jpg 768w, https:\/\/cpovobitaraes.eu\/wp-content\/uploads\/2023\/07\/IMG_20230627_144339-1536x1152.jpg 1536w, https:\/\/cpovobitaraes.eu\/wp-content\/uploads\/2023\/07\/IMG_20230627_144339-2048x1536.jpg 2048w, https:\/\/cpovobitaraes.eu\/wp-content\/uploads\/2023\/07\/IMG_20230627_144339-463x348.jpg 463w\" sizes=\"(max-width: 1024px) 100vw, 1024px\" \/><\/figure>\n\n\n\n<figure class=\"wp-block-image size-large\"><img loading=\"lazy\" decoding=\"async\" width=\"1024\" height=\"768\" src=\"https:\/\/cpovobitaraes.eu\/wp-content\/uploads\/2023\/07\/IMG_20230627_153909-1024x768.jpg\" alt=\"\" class=\"wp-image-2226\" srcset=\"https:\/\/cpovobitaraes.eu\/wp-content\/uploads\/2023\/07\/IMG_20230627_153909-1024x768.jpg 1024w, https:\/\/cpovobitaraes.eu\/wp-content\/uploads\/2023\/07\/IMG_20230627_153909-300x225.jpg 300w, https:\/\/cpovobitaraes.eu\/wp-content\/uploads\/2023\/07\/IMG_20230627_153909-768x576.jpg 768w, https:\/\/cpovobitaraes.eu\/wp-content\/uploads\/2023\/07\/IMG_20230627_153909-1536x1152.jpg 1536w, https:\/\/cpovobitaraes.eu\/wp-content\/uploads\/2023\/07\/IMG_20230627_153909-2048x1536.jpg 2048w, https:\/\/cpovobitaraes.eu\/wp-content\/uploads\/2023\/07\/IMG_20230627_153909-463x348.jpg 463w\" sizes=\"(max-width: 1024px) 100vw, 1024px\" \/><\/figure>\n\n\n\n<figure class=\"wp-block-image size-large\"><img loading=\"lazy\" decoding=\"async\" width=\"1024\" height=\"683\" src=\"https:\/\/cpovobitaraes.eu\/wp-content\/uploads\/2023\/07\/355722074_658369119665964_2401253117909732488_n-1024x683.jpg\" alt=\"\" class=\"wp-image-2227\" srcset=\"https:\/\/cpovobitaraes.eu\/wp-content\/uploads\/2023\/07\/355722074_658369119665964_2401253117909732488_n-1024x683.jpg 1024w, https:\/\/cpovobitaraes.eu\/wp-content\/uploads\/2023\/07\/355722074_658369119665964_2401253117909732488_n-300x200.jpg 300w, https:\/\/cpovobitaraes.eu\/wp-content\/uploads\/2023\/07\/355722074_658369119665964_2401253117909732488_n-768x512.jpg 768w, https:\/\/cpovobitaraes.eu\/wp-content\/uploads\/2023\/07\/355722074_658369119665964_2401253117909732488_n-1536x1024.jpg 1536w, https:\/\/cpovobitaraes.eu\/wp-content\/uploads\/2023\/07\/355722074_658369119665964_2401253117909732488_n.jpg 2048w\" sizes=\"(max-width: 1024px) 100vw, 1024px\" \/><\/figure>\n","protected":false},"excerpt":{"rendered":"<p>Na tarde do passado dia 27 de Junho, realizaram as tradicionais marchas de S. Jo\u00e3o, organizadas Pelo Centro Social e Paroquial de Baltar em parceria com a C\u00e2mara Municipal de Paredes, dirigidas \u00e0s Institui\u00e7\u00f5es Particulares de Seguran\u00e7a Social do concelho. Participaram cerca de 350 Idosos e foram premiadas a melhor coreografia, a melhor m\u00fasica e [&hellip;]<\/p>\n","protected":false},"author":2,"featured_media":0,"comment_status":"open","ping_status":"open","sticky":false,"template":"","format":"standard","meta":{"footnotes":""},"categories":[1],"tags":[],"yoast_head":"<!-- This site is optimized with the Yoast SEO plugin v21.5 - https:\/\/yoast.com\/wordpress\/plugins\/seo\/ -->\r\n<title>Marchas de S. Jo\u00e3o 2023 - Casa do Povo de Bitar\u00e3es<\/title>\r\n<meta name=\"robots\" content=\"index, follow, max-snippet:-1, max-image-preview:large, max-video-preview:-1\" \/>\r\n<link rel=\"canonical\" href=\"https:\/\/cpovobitaraes.eu\/index.php\/2023\/07\/06\/marchas-de-s-joao-2023\/\" \/>\r\n<meta property=\"og:locale\" content=\"pt_PT\" \/>\r\n<meta property=\"og:type\" content=\"article\" \/>\r\n<meta property=\"og:title\" content=\"Marchas de S. Jo\u00e3o 2023 - Casa do Povo de Bitar\u00e3es\" \/>\r\n<meta property=\"og:description\" content=\"Na tarde do passado dia 27 de Junho, realizaram as tradicionais marchas de S. Jo\u00e3o, organizadas Pelo Centro Social e Paroquial de Baltar em parceria com a C\u00e2mara Municipal de Paredes, dirigidas \u00e0s Institui\u00e7\u00f5es Particulares de Seguran\u00e7a Social do concelho. Participaram cerca de 350 Idosos e foram premiadas a melhor coreografia, a melhor m\u00fasica e [&hellip;]\" \/>\r\n<meta property=\"og:url\" content=\"https:\/\/cpovobitaraes.eu\/index.php\/2023\/07\/06\/marchas-de-s-joao-2023\/\" \/>\r\n<meta property=\"og:site_name\" content=\"Casa do Povo de Bitar\u00e3es\" \/>\r\n<meta property=\"article:publisher\" content=\"https:\/\/www.facebook.com\/Casa-do-Povo-de-Bitar%c3%a3es-684105208273518\/\" \/>\r\n<meta property=\"article:published_time\" content=\"2023-07-06T22:29:49+00:00\" \/>\r\n<meta property=\"article:modified_time\" content=\"2023-07-06T22:29:51+00:00\" \/>\r\n<meta property=\"og:image\" content=\"https:\/\/cpovobitaraes.eu\/wp-content\/uploads\/2023\/07\/347442629_657862649716611_8123736113195284894_n-1024x694.jpg\" \/>\r\n<meta name=\"author\" content=\"Casa Povo Bitar\u00e3es\" \/>\r\n<meta name=\"twitter:card\" content=\"summary_large_image\" \/>\r\n<meta name=\"twitter:label1\" content=\"Escrito por\" \/>\n\t<meta name=\"twitter:data1\" content=\"Casa Povo Bitar\u00e3es\" \/>\n\t<meta name=\"twitter:label2\" content=\"Tempo estimado de leitura\" \/>\n\t<meta name=\"twitter:data2\" content=\"1 minuto\" \/>\r\n<script type=\"application\/ld+json\" class=\"yoast-schema-graph\">{\"@context\":\"https:\/\/schema.org\",\"@graph\":[{\"@type\":\"Article\",\"@id\":\"https:\/\/cpovobitaraes.eu\/index.php\/2023\/07\/06\/marchas-de-s-joao-2023\/#article\",\"isPartOf\":{\"@id\":\"https:\/\/cpovobitaraes.eu\/index.php\/2023\/07\/06\/marchas-de-s-joao-2023\/\"},\"author\":{\"name\":\"Casa Povo Bitar\u00e3es\",\"@id\":\"https:\/\/cpovobitaraes.eu\/#\/schema\/person\/03936c90667948a46d6c8d18a691bd96\"},\"headline\":\"Marchas de S. Jo\u00e3o 2023\",\"datePublished\":\"2023-07-06T22:29:49+00:00\",\"dateModified\":\"2023-07-06T22:29:51+00:00\",\"mainEntityOfPage\":{\"@id\":\"https:\/\/cpovobitaraes.eu\/index.php\/2023\/07\/06\/marchas-de-s-joao-2023\/\"},\"wordCount\":117,\"commentCount\":0,\"publisher\":{\"@id\":\"https:\/\/cpovobitaraes.eu\/#organization\"},\"articleSection\":[\"Todos\"],\"inLanguage\":\"pt-PT\",\"potentialAction\":[{\"@type\":\"CommentAction\",\"name\":\"Comment\",\"target\":[\"https:\/\/cpovobitaraes.eu\/index.php\/2023\/07\/06\/marchas-de-s-joao-2023\/#respond\"]}]},{\"@type\":\"WebPage\",\"@id\":\"https:\/\/cpovobitaraes.eu\/index.php\/2023\/07\/06\/marchas-de-s-joao-2023\/\",\"url\":\"https:\/\/cpovobitaraes.eu\/index.php\/2023\/07\/06\/marchas-de-s-joao-2023\/\",\"name\":\"Marchas de S. Jo\u00e3o 2023 - Casa do Povo de Bitar\u00e3es\",\"isPartOf\":{\"@id\":\"https:\/\/cpovobitaraes.eu\/#website\"},\"datePublished\":\"2023-07-06T22:29:49+00:00\",\"dateModified\":\"2023-07-06T22:29:51+00:00\",\"breadcrumb\":{\"@id\":\"https:\/\/cpovobitaraes.eu\/index.php\/2023\/07\/06\/marchas-de-s-joao-2023\/#breadcrumb\"},\"inLanguage\":\"pt-PT\",\"potentialAction\":[{\"@type\":\"ReadAction\",\"target\":[\"https:\/\/cpovobitaraes.eu\/index.php\/2023\/07\/06\/marchas-de-s-joao-2023\/\"]}]},{\"@type\":\"BreadcrumbList\",\"@id\":\"https:\/\/cpovobitaraes.eu\/index.php\/2023\/07\/06\/marchas-de-s-joao-2023\/#breadcrumb\",\"itemListElement\":[{\"@type\":\"ListItem\",\"position\":1,\"name\":\"In\u00edcio\",\"item\":\"https:\/\/cpovobitaraes.eu\/\"},{\"@type\":\"ListItem\",\"position\":2,\"name\":\"Marchas de S. Jo\u00e3o 2023\"}]},{\"@type\":\"WebSite\",\"@id\":\"https:\/\/cpovobitaraes.eu\/#website\",\"url\":\"https:\/\/cpovobitaraes.eu\/\",\"name\":\"Casa do Povo de Bitar\u00e3es\",\"description\":\"Ao servi\u00e7o da popula\u00e7\u00e3o\",\"publisher\":{\"@id\":\"https:\/\/cpovobitaraes.eu\/#organization\"},\"potentialAction\":[{\"@type\":\"SearchAction\",\"target\":{\"@type\":\"EntryPoint\",\"urlTemplate\":\"https:\/\/cpovobitaraes.eu\/?s={search_term_string}\"},\"query-input\":\"required name=search_term_string\"}],\"inLanguage\":\"pt-PT\"},{\"@type\":\"Organization\",\"@id\":\"https:\/\/cpovobitaraes.eu\/#organization\",\"name\":\"Casa do Povo de Bitar\u00e3es\",\"url\":\"https:\/\/cpovobitaraes.eu\/\",\"logo\":{\"@type\":\"ImageObject\",\"inLanguage\":\"pt-PT\",\"@id\":\"https:\/\/cpovobitaraes.eu\/#\/schema\/logo\/image\/\",\"url\":\"https:\/\/cpovobitaraes.eu\/wp-content\/uploads\/2018\/11\/logotipo120x120t.png\",\"contentUrl\":\"https:\/\/cpovobitaraes.eu\/wp-content\/uploads\/2018\/11\/logotipo120x120t.png\",\"width\":119,\"height\":128,\"caption\":\"Casa do Povo de Bitar\u00e3es\"},\"image\":{\"@id\":\"https:\/\/cpovobitaraes.eu\/#\/schema\/logo\/image\/\"},\"sameAs\":[\"https:\/\/www.facebook.com\/Casa-do-Povo-de-Bitar\u00e3es-684105208273518\/\"]},{\"@type\":\"Person\",\"@id\":\"https:\/\/cpovobitaraes.eu\/#\/schema\/person\/03936c90667948a46d6c8d18a691bd96\",\"name\":\"Casa Povo Bitar\u00e3es\",\"image\":{\"@type\":\"ImageObject\",\"inLanguage\":\"pt-PT\",\"@id\":\"https:\/\/cpovobitaraes.eu\/#\/schema\/person\/image\/\",\"url\":\"https:\/\/secure.gravatar.com\/avatar\/1e40090b5969c6fe0d6a437393b22ad9?s=96&d=mm&r=g\",\"contentUrl\":\"https:\/\/secure.gravatar.com\/avatar\/1e40090b5969c6fe0d6a437393b22ad9?s=96&d=mm&r=g\",\"caption\":\"Casa Povo Bitar\u00e3es\"},\"sameAs\":[\"http:\/\/www.cpovobitaraes.eu\"],\"url\":\"https:\/\/cpovobitaraes.eu\/index.php\/author\/admin\/\"}]}<\/script>\r\n<!-- \/ Yoast SEO plugin. -->","yoast_head_json":{"title":"Marchas de S. Jo\u00e3o 2023 - Casa do Povo de Bitar\u00e3es","robots":{"index":"index","follow":"follow","max-snippet":"max-snippet:-1","max-image-preview":"max-image-preview:large","max-video-preview":"max-video-preview:-1"},"canonical":"https:\/\/cpovobitaraes.eu\/index.php\/2023\/07\/06\/marchas-de-s-joao-2023\/","og_locale":"pt_PT","og_type":"article","og_title":"Marchas de S. Jo\u00e3o 2023 - Casa do Povo de Bitar\u00e3es","og_description":"Na tarde do passado dia 27 de Junho, realizaram as tradicionais marchas de S. Jo\u00e3o, organizadas Pelo Centro Social e Paroquial de Baltar em parceria com a C\u00e2mara Municipal de Paredes, dirigidas \u00e0s Institui\u00e7\u00f5es Particulares de Seguran\u00e7a Social do concelho. Participaram cerca de 350 Idosos e foram premiadas a melhor coreografia, a melhor m\u00fasica e [&hellip;]","og_url":"https:\/\/cpovobitaraes.eu\/index.php\/2023\/07\/06\/marchas-de-s-joao-2023\/","og_site_name":"Casa do Povo de Bitar\u00e3es","article_publisher":"https:\/\/www.facebook.com\/Casa-do-Povo-de-Bitar%c3%a3es-684105208273518\/","article_published_time":"2023-07-06T22:29:49+00:00","article_modified_time":"2023-07-06T22:29:51+00:00","og_image":[{"url":"https:\/\/cpovobitaraes.eu\/wp-content\/uploads\/2023\/07\/347442629_657862649716611_8123736113195284894_n-1024x694.jpg"}],"author":"Casa Povo Bitar\u00e3es","twitter_card":"summary_large_image","twitter_misc":{"Escrito por":"Casa Povo Bitar\u00e3es","Tempo estimado de leitura":"1 minuto"},"schema":{"@context":"https:\/\/schema.org","@graph":[{"@type":"Article","@id":"https:\/\/cpovobitaraes.eu\/index.php\/2023\/07\/06\/marchas-de-s-joao-2023\/#article","isPartOf":{"@id":"https:\/\/cpovobitaraes.eu\/index.php\/2023\/07\/06\/marchas-de-s-joao-2023\/"},"author":{"name":"Casa Povo Bitar\u00e3es","@id":"https:\/\/cpovobitaraes.eu\/#\/schema\/person\/03936c90667948a46d6c8d18a691bd96"},"headline":"Marchas de S. Jo\u00e3o 2023","datePublished":"2023-07-06T22:29:49+00:00","dateModified":"2023-07-06T22:29:51+00:00","mainEntityOfPage":{"@id":"https:\/\/cpovobitaraes.eu\/index.php\/2023\/07\/06\/marchas-de-s-joao-2023\/"},"wordCount":117,"commentCount":0,"publisher":{"@id":"https:\/\/cpovobitaraes.eu\/#organization"},"articleSection":["Todos"],"inLanguage":"pt-PT","potentialAction":[{"@type":"CommentAction","name":"Comment","target":["https:\/\/cpovobitaraes.eu\/index.php\/2023\/07\/06\/marchas-de-s-joao-2023\/#respond"]}]},{"@type":"WebPage","@id":"https:\/\/cpovobitaraes.eu\/index.php\/2023\/07\/06\/marchas-de-s-joao-2023\/","url":"https:\/\/cpovobitaraes.eu\/index.php\/2023\/07\/06\/marchas-de-s-joao-2023\/","name":"Marchas de S. Jo\u00e3o 2023 - Casa do Povo de Bitar\u00e3es","isPartOf":{"@id":"https:\/\/cpovobitaraes.eu\/#website"},"datePublished":"2023-07-06T22:29:49+00:00","dateModified":"2023-07-06T22:29:51+00:00","breadcrumb":{"@id":"https:\/\/cpovobitaraes.eu\/index.php\/2023\/07\/06\/marchas-de-s-joao-2023\/#breadcrumb"},"inLanguage":"pt-PT","potentialAction":[{"@type":"ReadAction","target":["https:\/\/cpovobitaraes.eu\/index.php\/2023\/07\/06\/marchas-de-s-joao-2023\/"]}]},{"@type":"BreadcrumbList","@id":"https:\/\/cpovobitaraes.eu\/index.php\/2023\/07\/06\/marchas-de-s-joao-2023\/#breadcrumb","itemListElement":[{"@type":"ListItem","position":1,"name":"In\u00edcio","item":"https:\/\/cpovobitaraes.eu\/"},{"@type":"ListItem","position":2,"name":"Marchas de S. Jo\u00e3o 2023"}]},{"@type":"WebSite","@id":"https:\/\/cpovobitaraes.eu\/#website","url":"https:\/\/cpovobitaraes.eu\/","name":"Casa do Povo de Bitar\u00e3es","description":"Ao servi\u00e7o da popula\u00e7\u00e3o","publisher":{"@id":"https:\/\/cpovobitaraes.eu\/#organization"},"potentialAction":[{"@type":"SearchAction","target":{"@type":"EntryPoint","urlTemplate":"https:\/\/cpovobitaraes.eu\/?s={search_term_string}"},"query-input":"required name=search_term_string"}],"inLanguage":"pt-PT"},{"@type":"Organization","@id":"https:\/\/cpovobitaraes.eu\/#organization","name":"Casa do Povo de Bitar\u00e3es","url":"https:\/\/cpovobitaraes.eu\/","logo":{"@type":"ImageObject","inLanguage":"pt-PT","@id":"https:\/\/cpovobitaraes.eu\/#\/schema\/logo\/image\/","url":"https:\/\/cpovobitaraes.eu\/wp-content\/uploads\/2018\/11\/logotipo120x120t.png","contentUrl":"https:\/\/cpovobitaraes.eu\/wp-content\/uploads\/2018\/11\/logotipo120x120t.png","width":119,"height":128,"caption":"Casa do Povo de Bitar\u00e3es"},"image":{"@id":"https:\/\/cpovobitaraes.eu\/#\/schema\/logo\/image\/"},"sameAs":["https:\/\/www.facebook.com\/Casa-do-Povo-de-Bitar\u00e3es-684105208273518\/"]},{"@type":"Person","@id":"https:\/\/cpovobitaraes.eu\/#\/schema\/person\/03936c90667948a46d6c8d18a691bd96","name":"Casa Povo Bitar\u00e3es","image":{"@type":"ImageObject","inLanguage":"pt-PT","@id":"https:\/\/cpovobitaraes.eu\/#\/schema\/person\/image\/","url":"https:\/\/secure.gravatar.com\/avatar\/1e40090b5969c6fe0d6a437393b22ad9?s=96&d=mm&r=g","contentUrl":"https:\/\/secure.gravatar.com\/avatar\/1e40090b5969c6fe0d6a437393b22ad9?s=96&d=mm&r=g","caption":"Casa Povo Bitar\u00e3es"},"sameAs":["http:\/\/www.cpovobitaraes.eu"],"url":"https:\/\/cpovobitaraes.eu\/index.php\/author\/admin\/"}]}},"_links":{"self":[{"href":"https:\/\/cpovobitaraes.eu\/index.php\/wp-json\/wp\/v2\/posts\/2217"}],"collection":[{"href":"https:\/\/cpovobitaraes.eu\/index.php\/wp-json\/wp\/v2\/posts"}],"about":[{"href":"https:\/\/cpovobitaraes.eu\/index.php\/wp-json\/wp\/v2\/types\/post"}],"author":[{"embeddable":true,"href":"https:\/\/cpovobitaraes.eu\/index.php\/wp-json\/wp\/v2\/users\/2"}],"replies":[{"embeddable":true,"href":"https:\/\/cpovobitaraes.eu\/index.php\/wp-json\/wp\/v2\/comments?post=2217"}],"version-history":[{"count":1,"href":"https:\/\/cpovobitaraes.eu\/index.php\/wp-json\/wp\/v2\/posts\/2217\/revisions"}],"predecessor-version":[{"id":2228,"href":"https:\/\/cpovobitaraes.eu\/index.php\/wp-json\/wp\/v2\/posts\/2217\/revisions\/2228"}],"wp:attachment":[{"href":"https:\/\/cpovobitaraes.eu\/index.php\/wp-json\/wp\/v2\/media?parent=2217"}],"wp:term":[{"taxonomy":"category","embeddable":true,"href":"https:\/\/cpovobitaraes.eu\/index.php\/wp-json\/wp\/v2\/categories?post=2217"},{"taxonomy":"post_tag","embeddable":true,"href":"https:\/\/cpovobitaraes.eu\/index.php\/wp-json\/wp\/v2\/tags?post=2217"}],"curies":[{"name":"wp","href":"https:\/\/api.w.org\/{rel}","templated":true}]}}